{"id":25348,"date":"2025-07-28T08:30:00","date_gmt":"2025-07-28T11:30:00","guid":{"rendered":"https:\/\/diariorepublica.com.ar\/web\/?p=25348"},"modified":"2025-07-28T08:04:55","modified_gmt":"2025-07-28T11:04:55","slug":"martin-llaryora-anuncio-un-aumento-del-84-para-las-jubilaciones-minimas","status":"publish","type":"post","link":"https:\/\/diariorepublica.com.ar\/web\/index.php\/nacionales\/2025\/07\/28\/martin-llaryora-anuncio-un-aumento-del-84-para-las-jubilaciones-minimas\/","title":{"rendered":"\u00a0Mart\u00edn Llaryora anunci\u00f3 un aumento del 84% para las jubilaciones m\u00ednimas"},"content":{"rendered":"<p>El gobernador por la provincia de C\u00f3rdoba, Mart\u00edn Llaryora, anunci\u00f3 este domingo un aumento del 84,21% en el haber m\u00ednimo jubilatorio, que pasar\u00e1 de $380.000 a $700.000. Adem\u00e1s, confirm\u00f3 el pago de un bono bimestral de $100.000 para los beneficiarios que perciban haberes de hasta $1.300.000.<\/p>\n<p>La medida se da a conocer en medio de dos frentes de batalla. Por un lado, la disputa con Naci\u00f3n por los fondos adeudados a la Caja de Jubilaciones. Por el otro, el respaldo de los mandatarios provinciales a la aprobaci\u00f3n en el Congreso del aumento de las jubilaciones, moratoria previsional y la emergencia en Discapacidad.<\/p>\n<p class=\"com-paragraph   --s\">En un mensaje grabado, que se difundi\u00f3 por la red social X, el jefe provincial inform\u00f3: \u201cComo ustedes recordar\u00e1n,\u00a0<strong>logramos ante la Corte Suprema de Justicia que la Naci\u00f3n reconozca parte de la deuda que mantiene con la Caja de Jubilaciones de la provincia de C\u00f3rdoba<\/strong>. Adem\u00e1s, acordamos continuar trabajando en auditor\u00edas conjuntas para conciliar la deuda definitiva que el Gobierno nacional mantiene con nuestra provincia\u201d.<\/p>\n<p class=\"com-paragraph   --s\">Y ratific\u00f3: \u201cPor ello, hoy quiero anunciarles que C\u00f3rdoba ha recibido parcialmente esos fondos. Y cumpliendo con la palabra que les di,\u00a0<strong>esos recursos van a ir en parte a mejorar los ingresos de los jubilados cordobeses que menos ganan y m\u00e1s necesitan<\/strong>. Por eso, he tomado la decisi\u00f3n de otorgar una suma fija para que ning\u00fan jubilado de C\u00f3rdoba gane menos de $700.000, lo que pr\u00e1cticamente duplica el pago m\u00ednimo actual\u201d.<\/p>\n<p>\u201cAdem\u00e1s,\u00a0<strong>vamos a otorgar un bono trimestral de $100.000 para todos aquellos jubilados que tengan ingresos de hasta $1.300.000\u2033<\/strong>, sum\u00f3 Llaryora. Y aclar\u00f3: \u201c<strong>Esta decisi\u00f3n se mantendr\u00e1 mientras sigamos recibiendo estos fondos<\/strong>. Y ratifica nuestro compromiso de estar al lado de los que m\u00e1s necesitan\u201d.<\/p>\n<p class=\"com-paragraph   --s\">Sobre el final del mensaje, el gobernador\u00a0<strong>agradeci\u00f3 el \u201capoyo de todos los cordobeses, de las instituciones y de los diputados y senadores nacionales que me acompa\u00f1aron en este justo reclamo\u201d.<\/strong><\/p>\n<p class=\"com-paragraph   --s\">Y concluye: \u201cNunca vamos a dejar de defender los intereses de los cordobeses cada vez que los mismos sean vulnerados. Este logro es una prueba m\u00e1s de, cuando en C\u00f3rdoba trabajamos juntos con firmeza y unidad, obtenemos los resultados deseados. Vamos a seguir cuidando a C\u00f3rdoba y a cada uno de los cordobeses\u201d.<\/p>\n","protected":false},"excerpt":{"rendered":"<p>El gobernador por la provincia de C\u00f3rdoba, Mart\u00edn Llaryora, anunci\u00f3 este domingo un aumento del 84,21% en el haber m\u00ednimo<\/p>\n","protected":false},"author":1,"featured_media":25349,"comment_status":"closed","ping_status":"closed","sticky":false,"template":"","format":"standard","meta":{"footnotes":"","jetpack_publicize_message":"","jetpack_publicize_feature_enabled":true,"jetpack_social_post_already_shared":true,"jetpack_social_options":{"image_generator_settings":{"template":"highway","enabled":false},"version":2}},"categories":[4],"tags":[],"class_list":["post-25348","post","type-post","status-publish","format-standard","has-post-thumbnail","hentry","category-nacionales"],"jetpack_publicize_connections":[],"_links":{"self":[{"href":"https:\/\/diariorepublica.com.ar\/web\/index.php\/wp-json\/wp\/v2\/posts\/25348"}],"collection":[{"href":"https:\/\/diariorepublica.com.ar\/web\/index.php\/wp-json\/wp\/v2\/posts"}],"about":[{"href":"https:\/\/diariorepublica.com.ar\/web\/index.php\/wp-json\/wp\/v2\/types\/post"}],"author":[{"embeddable":true,"href":"https:\/\/diariorepublica.com.ar\/web\/index.php\/wp-json\/wp\/v2\/users\/1"}],"replies":[{"embeddable":true,"href":"https:\/\/diariorepublica.com.ar\/web\/index.php\/wp-json\/wp\/v2\/comments?post=25348"}],"version-history":[{"count":1,"href":"https:\/\/diariorepublica.com.ar\/web\/index.php\/wp-json\/wp\/v2\/posts\/25348\/revisions"}],"predecessor-version":[{"id":25350,"href":"https:\/\/diariorepublica.com.ar\/web\/index.php\/wp-json\/wp\/v2\/posts\/25348\/revisions\/25350"}],"wp:featuredmedia":[{"embeddable":true,"href":"https:\/\/diariorepublica.com.ar\/web\/index.php\/wp-json\/wp\/v2\/media\/25349"}],"wp:attachment":[{"href":"https:\/\/diariorepublica.com.ar\/web\/index.php\/wp-json\/wp\/v2\/media?parent=25348"}],"wp:term":[{"taxonomy":"category","embeddable":true,"href":"https:\/\/diariorepublica.com.ar\/web\/index.php\/wp-json\/wp\/v2\/categories?post=25348"},{"taxonomy":"post_tag","embeddable":true,"href":"https:\/\/diariorepublica.com.ar\/web\/index.php\/wp-json\/wp\/v2\/tags?post=25348"}],"curies":[{"name":"wp","href":"https:\/\/api.w.org\/{rel}","templated":true}]}}