{"id":25351,"date":"2025-07-28T09:35:00","date_gmt":"2025-07-28T12:35:00","guid":{"rendered":"https:\/\/diariorepublica.com.ar\/web\/?p=25351"},"modified":"2025-07-28T08:07:37","modified_gmt":"2025-07-28T11:07:37","slug":"el-637-de-los-argentinos-tiene-dificultades-para-llegar-a-fin-de-mes","status":"publish","type":"post","link":"https:\/\/diariorepublica.com.ar\/web\/index.php\/economia\/2025\/07\/28\/el-637-de-los-argentinos-tiene-dificultades-para-llegar-a-fin-de-mes\/","title":{"rendered":"El 63,7% de los argentinos tiene dificultades para llegar a fin de mes"},"content":{"rendered":"<p>Pese a la baja de la inflaci\u00f3n de los \u00faltimos meses, el 89,3% de los argentinos asegur\u00f3 que necesita mejores sueldos y el 63,7% afirm\u00f3 que tiene cada vez m\u00e1s dificultades para llegar a fin de mes, seg\u00fan revel\u00f3 el \u00faltimo informe de la consultora Zuban C\u00f3rdoba.<\/p>\n<p>El sondeo fue hecho a 1.400 personas, y dentro de los que tuvieron dificultades para llegar a fin de mes con sus ingresos, hubo un 44,9% entre 16 y 30 a\u00f1os, 62,9% entre 31 y 45, 60,8% entre 46 y 60 y 67,3% m\u00e1s de 60.<\/p>\n<article class=\"article-body article-body--third-paragraph content-protected-false\">A su vez, el 57,4% de los encuestados respondi\u00f3 que no a la siguiente afirmaci\u00f3n \u00abJavier Milei y Toto Caputo tienen todo bajo control\u00bb y el 35% la respald\u00f3. Tambi\u00e9n el 50,3% admiti\u00f3 que \u00abtiene miedo a perder su empleo o ingresos\u00bb por las pol\u00edticas del Gobierno.<\/p>\n<\/article>\n<article class=\"article-body article-body--fourth-paragraph content-protected-false\">Por otro lado, el 60% advirti\u00f3 que \u00abcree que<strong>\u00a0Milei y su gobierno est\u00e1n profundizando la desigualdad en Argentina<\/strong>\u00bb y el\u00a0<strong>37,1% cuestion\u00f3 esa frase.<\/strong><\/p>\n<\/article>\n<article class=\"article-body article-body--remaining-paragraph content-protected-false\"><strong>Cae la imagen del gobierno de Javier Milei<\/strong><\/p>\n<p>Seg\u00fan otro informe de la misma consultora, un\u00a0<strong>56,8% de los argentinos rechaza las pol\u00edticas del gobierno de Javier Milei<\/strong>. Este n\u00famero representa un crecimiento del descontento social con la gesti\u00f3n libertaria con las elecciones en la provincia de Buenos Aires y las nacionales cada vez m\u00e1s cerca.<\/p>\n<p>Este relevamiento tambi\u00e9n se\u00f1ala que la imagen del Presidente tambi\u00e9n empeor\u00f3: el 57,5% tiene una imagen negativa de Milei y el 41,9% positiva. Un 42,8% de los encuestados mantiene su apoyo a la gesti\u00f3n libertaria.<\/p>\n<p>En el mismo sentido, el informe tambi\u00e9n mostr\u00f3 que el 53,6% de los encuestados se define\u00a0<strong>antimileista<\/strong>\u00a0y el\u00a0<strong>28,1% mileista<\/strong>. Adem\u00e1s, el\u00a0<strong>55,4% consider\u00f3 que el jefe de Estado representa \u00abun riesgo para la sociedad\u00bb\u00a0<\/strong>y el 37,8% que \u00absigue siendo el cambio\u00bb.<\/p>\n<p>Con la mira puesta en los pr\u00f3ximos comicios, tanto provinciales como nacionales, el sondeo tambi\u00e9n apunt\u00f3 que la intenci\u00f3n del 52,8% de los encuestados es \u00abcastigar la gesti\u00f3n del gobierno actual\u00bb con su voto, mientras que el\u00a0<strong>38,3% buscar\u00e1 \u00abpremiar al gobierno\u00bb de Milei.<\/strong><\/p>\n<p>ambito.com<\/p>\n<\/article>\n","protected":false},"excerpt":{"rendered":"<p>Pese a la baja de la inflaci\u00f3n de los \u00faltimos meses, el 89,3% de los argentinos asegur\u00f3 que necesita mejores<\/p>\n","protected":false},"author":1,"featured_media":25352,"comment_status":"closed","ping_status":"closed","sticky":false,"template":"","format":"standard","meta":{"footnotes":"","jetpack_publicize_message":"","jetpack_publicize_feature_enabled":true,"jetpack_social_post_already_shared":true,"jetpack_social_options":{"image_generator_settings":{"template":"highway","enabled":false},"version":2}},"categories":[5],"tags":[],"class_list":["post-25351","post","type-post","status-publish","format-standard","has-post-thumbnail","hentry","category-economia"],"jetpack_publicize_connections":[],"_links":{"self":[{"href":"https:\/\/diariorepublica.com.ar\/web\/index.php\/wp-json\/wp\/v2\/posts\/25351"}],"collection":[{"href":"https:\/\/diariorepublica.com.ar\/web\/index.php\/wp-json\/wp\/v2\/posts"}],"about":[{"href":"https:\/\/diariorepublica.com.ar\/web\/index.php\/wp-json\/wp\/v2\/types\/post"}],"author":[{"embeddable":true,"href":"https:\/\/diariorepublica.com.ar\/web\/index.php\/wp-json\/wp\/v2\/users\/1"}],"replies":[{"embeddable":true,"href":"https:\/\/diariorepublica.com.ar\/web\/index.php\/wp-json\/wp\/v2\/comments?post=25351"}],"version-history":[{"count":1,"href":"https:\/\/diariorepublica.com.ar\/web\/index.php\/wp-json\/wp\/v2\/posts\/25351\/revisions"}],"predecessor-version":[{"id":25353,"href":"https:\/\/diariorepublica.com.ar\/web\/index.php\/wp-json\/wp\/v2\/posts\/25351\/revisions\/25353"}],"wp:featuredmedia":[{"embeddable":true,"href":"https:\/\/diariorepublica.com.ar\/web\/index.php\/wp-json\/wp\/v2\/media\/25352"}],"wp:attachment":[{"href":"https:\/\/diariorepublica.com.ar\/web\/index.php\/wp-json\/wp\/v2\/media?parent=25351"}],"wp:term":[{"taxonomy":"category","embeddable":true,"href":"https:\/\/diariorepublica.com.ar\/web\/index.php\/wp-json\/wp\/v2\/categories?post=25351"},{"taxonomy":"post_tag","embeddable":true,"href":"https:\/\/diariorepublica.com.ar\/web\/index.php\/wp-json\/wp\/v2\/tags?post=25351"}],"curies":[{"name":"wp","href":"https:\/\/api.w.org\/{rel}","templated":true}]}}