{"id":25357,"date":"2025-07-29T06:22:00","date_gmt":"2025-07-29T09:22:00","guid":{"rendered":"https:\/\/diariorepublica.com.ar\/web\/?p=25357"},"modified":"2025-07-29T07:24:25","modified_gmt":"2025-07-29T10:24:25","slug":"alcalde-chileno-visito-la-capital-catamarquena-para-interiorizarse-de-los-programas-sustentables","status":"publish","type":"post","link":"https:\/\/diariorepublica.com.ar\/web\/index.php\/locales\/2025\/07\/29\/alcalde-chileno-visito-la-capital-catamarquena-para-interiorizarse-de-los-programas-sustentables\/","title":{"rendered":"Alcalde chileno visit\u00f3 la Capital catamarque\u00f1a\u00a0para interiorizarse de los programas sustentables\u00a0"},"content":{"rendered":"<p>El intendente de la Capital, Gustavo Saadi, recibi\u00f3 en el Nodo Tecnol\u00f3gico al alcalde de Copiap\u00f3 Chile, Maglio Cicardini, acompa\u00f1ado por el vicegobernador de la provincia, Rub\u00e9n Dusso. En esta nueva visita protocolar, Cicardini manifest\u00f3 su inter\u00e9s en replicar ciertos programas municipales como GIRO, Vamos en Bici, entre otros.<\/p>\n<p>Esta colaboraci\u00f3n entre ambas ciudades fortalece el intercambio de iniciativas para mejorar la calidad de vida de sus habitantes.<\/p>\n<p>Cicardini destac\u00f3 su impresi\u00f3n positiva tras visitar Catamarca despu\u00e9s de muchos a\u00f1os: \u201cQued\u00e9 maravillado por los adelantos que pude observar, la ciudad tiene otro panorama y paisaje\u201d. Durante la visita tambi\u00e9n abordaron la intenci\u00f3n del corredor bioce\u00e1nico y compartieron di\u00e1logo con el vicegobernador.<\/p>\n<p>\u201cVolvimos hoy con un equipo municipal para rescatar muchos programas que tiene la Municipalidad y que probablemente pueden ser replicados en nuestra comunidad\u201d, explic\u00f3. Entre los programas revisados se encuentran Cerca, Giro, Vamos en Bici y Polic\u00eda Ambiental, que Cicardini calific\u00f3 como muy interesantes.<\/p>\n<p>Adem\u00e1s, anticip\u00f3 una visita para conocer el manejo de residuos s\u00f3lidos domiciliarios. \u201cQueremos conocer estas experiencias para poder replicarlas y contribuir al desarrollo y plan de la ciudad\u201d, concluy\u00f3.<\/p>\n<p>Esta iniciativa, como otras que viene realizando la comuna, tiene como objetivo promover la movilidad sostenible y brindar una opci\u00f3n m\u00e1s saludable para desplazarse por una ciudad a escala humana, uno de los ejes fundamentales de la gesti\u00f3n actual de la Municipalidad.<\/p>\n<p>Tambi\u00e9n participaron del encuentro el secretario de Modernizaci\u00f3n, Mariano Rosales; el subsecretario de Transformaci\u00f3n y Gesti\u00f3n P\u00fablica, Emilio Ramaci; y junto con el alcalde estuvieron el jefe de gabinete Leonardo Jorquera; Mauricio Ceriche, encargado de Cultura, Artes y Patrimonio; y los concejales Carolina de la Carrera y Juan Pablo Rico.<\/p>\n","protected":false},"excerpt":{"rendered":"<p>El intendente de la Capital, Gustavo Saadi, recibi\u00f3 en el Nodo Tecnol\u00f3gico al alcalde de Copiap\u00f3 Chile, Maglio Cicardini, acompa\u00f1ado<\/p>\n","protected":false},"author":1,"featured_media":25358,"comment_status":"closed","ping_status":"closed","sticky":false,"template":"","format":"standard","meta":{"footnotes":"","jetpack_publicize_message":"","jetpack_publicize_feature_enabled":true,"jetpack_social_post_already_shared":true,"jetpack_social_options":{"image_generator_settings":{"template":"highway","enabled":false},"version":2}},"categories":[2],"tags":[],"class_list":["post-25357","post","type-post","status-publish","format-standard","has-post-thumbnail","hentry","category-locales"],"jetpack_publicize_connections":[],"_links":{"self":[{"href":"https:\/\/diariorepublica.com.ar\/web\/index.php\/wp-json\/wp\/v2\/posts\/25357"}],"collection":[{"href":"https:\/\/diariorepublica.com.ar\/web\/index.php\/wp-json\/wp\/v2\/posts"}],"about":[{"href":"https:\/\/diariorepublica.com.ar\/web\/index.php\/wp-json\/wp\/v2\/types\/post"}],"author":[{"embeddable":true,"href":"https:\/\/diariorepublica.com.ar\/web\/index.php\/wp-json\/wp\/v2\/users\/1"}],"replies":[{"embeddable":true,"href":"https:\/\/diariorepublica.com.ar\/web\/index.php\/wp-json\/wp\/v2\/comments?post=25357"}],"version-history":[{"count":1,"href":"https:\/\/diariorepublica.com.ar\/web\/index.php\/wp-json\/wp\/v2\/posts\/25357\/revisions"}],"predecessor-version":[{"id":25359,"href":"https:\/\/diariorepublica.com.ar\/web\/index.php\/wp-json\/wp\/v2\/posts\/25357\/revisions\/25359"}],"wp:featuredmedia":[{"embeddable":true,"href":"https:\/\/diariorepublica.com.ar\/web\/index.php\/wp-json\/wp\/v2\/media\/25358"}],"wp:attachment":[{"href":"https:\/\/diariorepublica.com.ar\/web\/index.php\/wp-json\/wp\/v2\/media?parent=25357"}],"wp:term":[{"taxonomy":"category","embeddable":true,"href":"https:\/\/diariorepublica.com.ar\/web\/index.php\/wp-json\/wp\/v2\/categories?post=25357"},{"taxonomy":"post_tag","embeddable":true,"href":"https:\/\/diariorepublica.com.ar\/web\/index.php\/wp-json\/wp\/v2\/tags?post=25357"}],"curies":[{"name":"wp","href":"https:\/\/api.w.org\/{rel}","templated":true}]}}