{"id":25360,"date":"2025-07-29T07:26:09","date_gmt":"2025-07-29T10:26:09","guid":{"rendered":"https:\/\/diariorepublica.com.ar\/web\/?p=25360"},"modified":"2025-07-29T07:26:11","modified_gmt":"2025-07-29T10:26:11","slug":"la-fiesta-del-poncho-tracciono-el-turismo-y-la-ocupacion-hotelera-en-catamarca","status":"publish","type":"post","link":"https:\/\/diariorepublica.com.ar\/web\/index.php\/sociedad\/2025\/07\/29\/la-fiesta-del-poncho-tracciono-el-turismo-y-la-ocupacion-hotelera-en-catamarca\/","title":{"rendered":"La Fiesta del Poncho traccion\u00f3 el turismo y la ocupaci\u00f3n hotelera en Catamarca"},"content":{"rendered":"<p style=\"font-weight: 400;\">La 54\u00ba edici\u00f3n de la Fiesta Nacional e Internacional del Poncho, consolidada como el evento cultural y tur\u00edstico m\u00e1s importante de Catamarca, culmin\u00f3 con un balance positivo tanto en ocupaci\u00f3n hotelera como en n\u00famero de turistas que recorrieron la provincia.<\/p>\n<p style=\"font-weight: 400;\">Durante los diez d\u00edas que dur\u00f3 la Fiesta, del 18 al 27 de julio, la ocupaci\u00f3n hotelera alcanz\u00f3 un 75% a nivel provincial, mientras que en la ciudad Capital, epicentro del evento, trep\u00f3 al 80% seg\u00fan datos relevados por la Direcci\u00f3n de Calidad Tur\u00edstica de la Secretar\u00eda de Gesti\u00f3n Tur\u00edstica.<\/p>\n<p style=\"font-weight: 400;\">El informe destaca la llegada de alrededor de 28.000 turistas a la provincia, con una estad\u00eda promedio de 4 noches. Un buen porcentaje decidi\u00f3 permanecer en Capital y disfrutar de sus distintos atractivos, pero hubo muchos turistas que pasaron por la ciudad, visitaron la Fiesta del Poncho y eligieron extender su estad\u00eda para seguir viaje y conocer otros destinos de Catamarca.<\/p>\n<p style=\"font-weight: 400;\">Antofagasta de la Sierra registr\u00f3 una ocupaci\u00f3n del 85%, Bel\u00e9n del 94%, Fiambal\u00e1 del 99%, FME contabiliz\u00f3 un 80% y Tinogasta registr\u00f3 un 75% de sus plazas hoteleras ocupadas durante estos diez d\u00edas.<\/p>\n<p style=\"font-weight: 400;\">\u201cSomos unos privilegiados de contar con este producto tur\u00edstico tan importante como lo es la Fiesta del Poncho que ha sido atractivo para que miles y miles de turistas nos visiten y haber alcanzado este nivel de ocupaci\u00f3n hotelera en un contexto tan complicado como el que estamos viviendo\u201d, destac\u00f3 la secretaria de Gesti\u00f3n Tur\u00edstica Evangelina Quar\u00edn.<\/p>\n<p style=\"font-weight: 400;\">Como parte del trabajo articulado con entidades del sector tur\u00edstico, se realizaron encuestas para relevar el perfil del visitante, con el apoyo de estudiantes del IES Chavarr\u00eda y el Instituto Superior Fasta Catamarca, lo que permiti\u00f3 conocer en profundidad los motivos del viaje, los formatos de grupo y las experiencias vividas por quienes eligieron Catamarca como destino invernal.<\/p>\n<p style=\"font-weight: 400;\">Turistas de todo el pa\u00eds y del extranjero se hicieron presente en Catamarca este invierno, se destacaron visitantes de Buenos Aires, C\u00f3rdoba, Santa Fe, Tucum\u00e1n, La Rioja y otras provincias, as\u00ed como turistas provenientes de pa\u00edses como Brasil, M\u00e9xico, Colombia y Bolivia.<\/p>\n<p style=\"font-weight: 400;\">Muchos turistas aprovecharon su visita para recorrer distintos puntos de la provincia, algunos comenzaron por la Capital para disfrutar del Poncho y luego extendieron su estad\u00eda a destinos de las diferentes regiones de la provincia.<\/p>\n<p style=\"font-weight: 400;\">La Fiesta del Poncho tuvo su edici\u00f3n 54\u00ba del 18 al 27 de julio y a lo largo de esos 10 d\u00edas el Predio Ferial que alberga propuestas artesanales, gastron\u00f3micas y art\u00edsticas, recibi\u00f3 a 1.400.000 visitantes, entre turistas y locales.<\/p>\n<p style=\"font-weight: 400;\">\n<p style=\"font-weight: 400;\"><strong>Los turistas y el Poncho<\/strong><\/p>\n<p style=\"font-weight: 400;\">Ariel y su familia, llegados desde Lan\u00fas, Buenos Aires, destacaron la amabilidad de la gente, la envergadura de la feria y su diversidad cultural: \u201cSiempre nos gusta venir en esta fecha, el festival es inolvidable para nosotros que venimos desde lejos\u201d. Durante su recorrido por los pabellones, resaltaron el ambiente familiar y la organizaci\u00f3n de una fiesta que los dej\u00f3 encantados, y ya est\u00e1n pensando en sus pr\u00f3ximas vacaciones por el interior de la provincia.<\/p>\n<p style=\"font-weight: 400;\">Tambi\u00e9n Zaira, de Tucum\u00e1n, quien visita por cuarta vez la provincia, eligi\u00f3 este a\u00f1o venir por primera vez al Poncho motivada por las recomendaciones de amigos: \u201cTen\u00eda muchas expectativas porque me hablaron maravillas de la fiesta y super\u00f3 ampliamente lo que imaginaba\u201d, expres\u00f3 luego de disfrutar de los pabellones de artesan\u00edas y la oferta gastron\u00f3mica.<\/p>\n<p style=\"font-weight: 400;\">Desde La Rioja, un grupo de familiares cont\u00f3 que hace dos a\u00f1os se hace presente para disfrutar del evento: \u201cNos encanta venir al Poncho, siempre hay algo nuevo para descubrir, disfrutamos de los espect\u00e1culos, de la comida regional y de las artesan\u00edas. Es una fiesta completa que nos hace sentir como en casa\u201d.<\/p>\n<p style=\"font-weight: 400;\">Sabrina, turista de Misiones, visita Catamarca y la Fiesta del Poncho por primera vez junto a un grupo de amigas, destacando la parte cultural de la fiesta y resaltando su paso por la belleza del interior catamarque\u00f1o donde estuvieron visitando los Seismiles y Campo de Piedra P\u00f3mez.<\/p>\n<p style=\"font-weight: 400;\">De C\u00f3rdoba Capital, Dario cuenta: \u201cEs la primera vez que visitamos Catamarca y la Fiesta del Poncho, viajamos en motorhome con un grupo de amigos, la verdad que el predio est\u00e1 impresionante y la feria es hermosa, disfrutamos de la parte gastron\u00f3mica en el sector de ranchos y sobre todo los escenarios, as\u00ed que recomendamos la visita al Festival del Poncho en Catamarca\u201d.<\/p>\n","protected":false},"excerpt":{"rendered":"<p>La 54\u00ba edici\u00f3n de la Fiesta Nacional e Internacional del Poncho, consolidada como el evento cultural y tur\u00edstico m\u00e1s importante<\/p>\n","protected":false},"author":1,"featured_media":25361,"comment_status":"closed","ping_status":"closed","sticky":false,"template":"","format":"standard","meta":{"footnotes":"","jetpack_publicize_message":"","jetpack_publicize_feature_enabled":true,"jetpack_social_post_already_shared":true,"jetpack_social_options":{"image_generator_settings":{"template":"highway","enabled":false},"version":2}},"categories":[3],"tags":[],"class_list":["post-25360","post","type-post","status-publish","format-standard","has-post-thumbnail","hentry","category-sociedad"],"jetpack_publicize_connections":[],"_links":{"self":[{"href":"https:\/\/diariorepublica.com.ar\/web\/index.php\/wp-json\/wp\/v2\/posts\/25360"}],"collection":[{"href":"https:\/\/diariorepublica.com.ar\/web\/index.php\/wp-json\/wp\/v2\/posts"}],"about":[{"href":"https:\/\/diariorepublica.com.ar\/web\/index.php\/wp-json\/wp\/v2\/types\/post"}],"author":[{"embeddable":true,"href":"https:\/\/diariorepublica.com.ar\/web\/index.php\/wp-json\/wp\/v2\/users\/1"}],"replies":[{"embeddable":true,"href":"https:\/\/diariorepublica.com.ar\/web\/index.php\/wp-json\/wp\/v2\/comments?post=25360"}],"version-history":[{"count":1,"href":"https:\/\/diariorepublica.com.ar\/web\/index.php\/wp-json\/wp\/v2\/posts\/25360\/revisions"}],"predecessor-version":[{"id":25362,"href":"https:\/\/diariorepublica.com.ar\/web\/index.php\/wp-json\/wp\/v2\/posts\/25360\/revisions\/25362"}],"wp:featuredmedia":[{"embeddable":true,"href":"https:\/\/diariorepublica.com.ar\/web\/index.php\/wp-json\/wp\/v2\/media\/25361"}],"wp:attachment":[{"href":"https:\/\/diariorepublica.com.ar\/web\/index.php\/wp-json\/wp\/v2\/media?parent=25360"}],"wp:term":[{"taxonomy":"category","embeddable":true,"href":"https:\/\/diariorepublica.com.ar\/web\/index.php\/wp-json\/wp\/v2\/categories?post=25360"},{"taxonomy":"post_tag","embeddable":true,"href":"https:\/\/diariorepublica.com.ar\/web\/index.php\/wp-json\/wp\/v2\/tags?post=25360"}],"curies":[{"name":"wp","href":"https:\/\/api.w.org\/{rel}","templated":true}]}}