{"id":25366,"date":"2025-07-30T06:24:00","date_gmt":"2025-07-30T09:24:00","guid":{"rendered":"https:\/\/diariorepublica.com.ar\/web\/?p=25366"},"modified":"2025-07-30T07:26:43","modified_gmt":"2025-07-30T10:26:43","slug":"monti-se-suma-al-interbloque-de-la-libertad-avanza","status":"publish","type":"post","link":"https:\/\/diariorepublica.com.ar\/web\/index.php\/politica\/2025\/07\/30\/monti-se-suma-al-interbloque-de-la-libertad-avanza\/","title":{"rendered":"Monti se suma al interbloque de La Libertad Avanza"},"content":{"rendered":"<p>El diputado nacional\u00a0<strong>Pablo Cervi<\/strong>\u00a0confirm\u00f3 este martes la\u00a0<strong>creaci\u00f3n de un interbloque parlamentario<\/strong>\u00a0entre la\u00a0<strong>Liga del Interior-ELI<\/strong>\u00a0y el oficialismo de\u00a0<strong>La Libertad Avanza<\/strong>\u00a0en la C\u00e1mara de Diputados.<\/p>\n<p>El anuncio fue realizado a trav\u00e9s de sus redes sociales, donde destac\u00f3 que la decisi\u00f3n busca \u00ab<strong>fortalecer la gobernabilidad<\/strong>\u00bb y consolidar el respaldo a las reformas impulsadas por el presidente\u00a0<strong>Javier Milei<\/strong>.<\/p>\n<p>\u00ab<strong>Conformamos un interbloque parlamentario con La Libertad Avanza. Desde el d\u00eda uno que acompa\u00f1amos con las reformas impulsadas por el presidente Javier Milei y hoy decidimos dar un paso m\u00e1s<\/strong>\u00ab, escribi\u00f3 Cervi en su publicaci\u00f3n.<\/p>\n<p>El nuevo interbloque se suma a la estrategia del oficialismo de ampliar su base legislativa para facilitar la aprobaci\u00f3n de leyes clave en el Congreso. Con este movimiento, la bancada libertaria suma aliados formales en su objetivo de consolidar poder parlamentario en un escenario fragmentado.<\/p>\n<p>El bloque de Liga del Interior-ELI est\u00e1 integrado por Cervi, de Neuqu\u00e9n;\u00a0<strong>Mart\u00edn Arjol<\/strong>, de Misiones;\u00a0<strong>Mariano Campero<\/strong>, de Tucum\u00e1n;\u00a0<strong>Francisco Monti<\/strong>, de Catamarca;\u00a0<strong>Luis Picat<\/strong>, de C\u00f3rdoba y\u00a0<strong>Jos\u00e9 Tournier<\/strong>, de Corrientes.<\/p>\n","protected":false},"excerpt":{"rendered":"<p>El diputado nacional\u00a0Pablo Cervi\u00a0confirm\u00f3 este martes la\u00a0creaci\u00f3n de un interbloque parlamentario\u00a0entre la\u00a0Liga del Interior-ELI\u00a0y el oficialismo de\u00a0La Libertad Avanza\u00a0en la<\/p>\n","protected":false},"author":1,"featured_media":25367,"comment_status":"closed","ping_status":"closed","sticky":false,"template":"","format":"standard","meta":{"footnotes":"","jetpack_publicize_message":"","jetpack_publicize_feature_enabled":true,"jetpack_social_post_already_shared":true,"jetpack_social_options":{"image_generator_settings":{"template":"highway","enabled":false},"version":2}},"categories":[12],"tags":[],"class_list":["post-25366","post","type-post","status-publish","format-standard","has-post-thumbnail","hentry","category-politica"],"jetpack_publicize_connections":[],"_links":{"self":[{"href":"https:\/\/diariorepublica.com.ar\/web\/index.php\/wp-json\/wp\/v2\/posts\/25366"}],"collection":[{"href":"https:\/\/diariorepublica.com.ar\/web\/index.php\/wp-json\/wp\/v2\/posts"}],"about":[{"href":"https:\/\/diariorepublica.com.ar\/web\/index.php\/wp-json\/wp\/v2\/types\/post"}],"author":[{"embeddable":true,"href":"https:\/\/diariorepublica.com.ar\/web\/index.php\/wp-json\/wp\/v2\/users\/1"}],"replies":[{"embeddable":true,"href":"https:\/\/diariorepublica.com.ar\/web\/index.php\/wp-json\/wp\/v2\/comments?post=25366"}],"version-history":[{"count":1,"href":"https:\/\/diariorepublica.com.ar\/web\/index.php\/wp-json\/wp\/v2\/posts\/25366\/revisions"}],"predecessor-version":[{"id":25368,"href":"https:\/\/diariorepublica.com.ar\/web\/index.php\/wp-json\/wp\/v2\/posts\/25366\/revisions\/25368"}],"wp:featuredmedia":[{"embeddable":true,"href":"https:\/\/diariorepublica.com.ar\/web\/index.php\/wp-json\/wp\/v2\/media\/25367"}],"wp:attachment":[{"href":"https:\/\/diariorepublica.com.ar\/web\/index.php\/wp-json\/wp\/v2\/media?parent=25366"}],"wp:term":[{"taxonomy":"category","embeddable":true,"href":"https:\/\/diariorepublica.com.ar\/web\/index.php\/wp-json\/wp\/v2\/categories?post=25366"},{"taxonomy":"post_tag","embeddable":true,"href":"https:\/\/diariorepublica.com.ar\/web\/index.php\/wp-json\/wp\/v2\/tags?post=25366"}],"curies":[{"name":"wp","href":"https:\/\/api.w.org\/{rel}","templated":true}]}}