{"id":2538,"date":"2023-05-08T08:59:03","date_gmt":"2023-05-08T11:59:03","guid":{"rendered":"https:\/\/diariorepublica.com.ar\/web\/?p=2538"},"modified":"2023-05-08T08:59:04","modified_gmt":"2023-05-08T11:59:04","slug":"dirigencia-radical-de-andalgala-pidio-la-reeleccion-de-eduardo-cordoba","status":"publish","type":"post","link":"https:\/\/diariorepublica.com.ar\/web\/index.php\/politica\/2023\/05\/08\/dirigencia-radical-de-andalgala-pidio-la-reeleccion-de-eduardo-cordoba\/","title":{"rendered":"Dirigencia radical de Andalgal\u00e1 pidi\u00f3 la reelecci\u00f3n de Eduardo Cordoba"},"content":{"rendered":"<p>La dirigencia radical pidi\u00f3 por la reelecci\u00f3n de Eduardo C\u00f3rdoba, en el acto de asunci\u00f3n de autoridades del Comit\u00e9 Departamental de Andalgal\u00e1. El intendente expres\u00f3 la necesidad de \u00abcontinuar trabajando para transformar la ciudad con el acompa\u00f1amiento de toda la dirigencia y junto a los valores de los militantes\u00bb, y pidi\u00f3 a la dirigencia provincial que no traslade \u00ablas cuestiones internas nacionales o provinciales\u00bb a los municipios.<\/p>\n<p>C\u00f3rdoba insisti\u00f3 en que se acompa\u00f1e a los intendentes que gobiernan los pocos municipios en manos del radicalismo. \u00abCuiden a los intendentes. No imaginan las luchas diarias que tenemos en cada lugar para gobernar contra la corriente, entonces acompa\u00f1en sum\u00e1ndose y tambi\u00e9n nutri\u00e9ndose del radicalismo del interior catamarque\u00f1o\u00bb, pidi\u00f3 el jefe comunal.<\/p>\n","protected":false},"excerpt":{"rendered":"<p>La dirigencia radical pidi\u00f3 por la reelecci\u00f3n de Eduardo C\u00f3rdoba, en el acto de asunci\u00f3n de autoridades del Comit\u00e9 Departamental<\/p>\n","protected":false},"author":2,"featured_media":2539,"comment_status":"closed","ping_status":"closed","sticky":false,"template":"","format":"standard","meta":{"footnotes":"","jetpack_publicize_message":"","jetpack_publicize_feature_enabled":true,"jetpack_social_post_already_shared":false,"jetpack_social_options":{"image_generator_settings":{"template":"highway","enabled":false},"version":2}},"categories":[12],"tags":[],"class_list":["post-2538","post","type-post","status-publish","format-standard","has-post-thumbnail","hentry","category-politica"],"jetpack_publicize_connections":[],"_links":{"self":[{"href":"https:\/\/diariorepublica.com.ar\/web\/index.php\/wp-json\/wp\/v2\/posts\/2538"}],"collection":[{"href":"https:\/\/diariorepublica.com.ar\/web\/index.php\/wp-json\/wp\/v2\/posts"}],"about":[{"href":"https:\/\/diariorepublica.com.ar\/web\/index.php\/wp-json\/wp\/v2\/types\/post"}],"author":[{"embeddable":true,"href":"https:\/\/diariorepublica.com.ar\/web\/index.php\/wp-json\/wp\/v2\/users\/2"}],"replies":[{"embeddable":true,"href":"https:\/\/diariorepublica.com.ar\/web\/index.php\/wp-json\/wp\/v2\/comments?post=2538"}],"version-history":[{"count":1,"href":"https:\/\/diariorepublica.com.ar\/web\/index.php\/wp-json\/wp\/v2\/posts\/2538\/revisions"}],"predecessor-version":[{"id":2540,"href":"https:\/\/diariorepublica.com.ar\/web\/index.php\/wp-json\/wp\/v2\/posts\/2538\/revisions\/2540"}],"wp:featuredmedia":[{"embeddable":true,"href":"https:\/\/diariorepublica.com.ar\/web\/index.php\/wp-json\/wp\/v2\/media\/2539"}],"wp:attachment":[{"href":"https:\/\/diariorepublica.com.ar\/web\/index.php\/wp-json\/wp\/v2\/media?parent=2538"}],"wp:term":[{"taxonomy":"category","embeddable":true,"href":"https:\/\/diariorepublica.com.ar\/web\/index.php\/wp-json\/wp\/v2\/categories?post=2538"},{"taxonomy":"post_tag","embeddable":true,"href":"https:\/\/diariorepublica.com.ar\/web\/index.php\/wp-json\/wp\/v2\/tags?post=2538"}],"curies":[{"name":"wp","href":"https:\/\/api.w.org\/{rel}","templated":true}]}}