{"id":25434,"date":"2025-07-31T08:56:42","date_gmt":"2025-07-31T11:56:42","guid":{"rendered":"https:\/\/diariorepublica.com.ar\/web\/?p=25434"},"modified":"2025-07-31T08:56:45","modified_gmt":"2025-07-31T11:56:45","slug":"el-estado-provincial-recupero-lo-invertido-en-el-poncho-2025","status":"publish","type":"post","link":"https:\/\/diariorepublica.com.ar\/web\/index.php\/locales\/2025\/07\/31\/el-estado-provincial-recupero-lo-invertido-en-el-poncho-2025\/","title":{"rendered":"El Estado provincial recuper\u00f3 lo invertido en El Poncho 2025"},"content":{"rendered":"<p>En Casa de Gobierno, la presentaci\u00f3n estuvo encabezada por la ministra de Cultura, Turismo y Deporte, Daiana Rold\u00e1n, junto a las secretarias de Gesti\u00f3n Tur\u00edstica, Evangelina Quar\u00edn, y de Gesti\u00f3n Cultural, Laura Maubec\u00edn, y el ministro de Gobierno, Seguridad y Justicia, Fernando Monguillot.<\/p>\n<p>All\u00ed, las autoridades destacaron el balance positivo entre la inversi\u00f3n oficial realizada a trav\u00e9s del Ministerio de Cultura, Turismo y Deporte y el recupero de la inversi\u00f3n, de acuerdo al siguiente detalle:<\/p>\n<p>-Venta de entradas Escenario Mayor $1.658 millones<\/p>\n<p>-Canon por espacios comercializados $667 millones (stands, gastron\u00f3micos, playas)<\/p>\n<p>-Publicidad y Auspicios $233 millones<\/p>\n<p>-Total de recupero de inversi\u00f3n: $2.558 millones<\/p>\n<p>Aqu\u00ed es importante mencionar que el ministerio contaba con una disponibilidad financiera para la fiesta de $2.600 millones de pesos, de los cuales se invirtieron $2.300 millones. Es decir, el balance es positivo en $258 millones.<\/p>\n<p>Otro n\u00famero importante que se dio a conocer es el impacto econ\u00f3mico y tur\u00edstico ampliado de la fiesta -calculado sobre 1,4 millones de visitas de catamarque\u00f1os y turistas- que arroj\u00f3 un total de $31.886 millones de pesos, monto que contempla gastos directos (en la fiesta) e indirectos (nafta, estacionamiento, alojamientos, comidas, prestaciones tur\u00edsticas, entre otros).<\/p>\n<p>\u201cLa Fiesta del Poncho -para el Estado Provincial- es pura inversi\u00f3n, trabajo y ganancia. Una inversi\u00f3n que el Estado provincial ha recuperado en su totalidad. Trabajo para miles y miles de catamarque\u00f1os.\u00a0 Y ganancia real y concreta que se traduce en un derrame econ\u00f3mico genuino, no solo para quienes vendieron o trabajaron directamente en la fiesta, sino para los distintos sectores de la econom\u00eda provincial\u201d, destac\u00f3 la ministra de Cultura, Turismo y Deporte, Daiana Rold\u00e1n, en su balance a solo tres d\u00edas de finalizaci\u00f3n de la fiesta.<\/p>\n<p>Por su parte, el ministro Fernando Monguillot, sostuvo que \u201ccon este balance rendimos cuenta a nuestra comunidad de c\u00f3mo se ha invertido, c\u00f3mo se ha recuperado y el impacto econ\u00f3mico, tur\u00edstico y social que ha generado en nuestra comunidad. Estamos felices por lo que ha sido esta Fiesta Nacional e Internacional del Poncho, que crece a\u00f1o tras a\u00f1o y que consolida a Catamarca como un destino firme para el invierno en la Argentina y para todas las estaciones del a\u00f1o\u201d, se\u00f1al\u00f3 el ministro de Gobierno.<\/p>\n<p><strong>Volumen de ventas en la fiesta<\/strong><\/p>\n<p>En el informe presentado, se especific\u00f3 el volumen de venta que tuvo cada uno de los sectores presentes en la edici\u00f3n 2025:<\/p>\n<p>-Gastronom\u00eda $2.626,32 millones<\/p>\n<p>-Artesan\u00edas $1.510,83 millones<\/p>\n<p>-Productos regionales $570,04 millones<\/p>\n<p>-Otros $376,18 millones<\/p>\n<p>Volumen de ventas total: $5.083 millones (25% m\u00e1s que en 2024).<\/p>\n<p>El BNA -auspiciante de la fiesta y con descuentos a trav\u00e9s del programa Marcat\u00f3n- registr\u00f3 53.795 transacciones en estos rubros, que representaron un monto global de $1.965 millones de pesos.<\/p>\n<p><strong>Otros n\u00fameros<\/strong><\/p>\n<p>-Cantidad de expositores Poncho 2025: 1.606 (664 artesanos, 34 expositores Poncho Dise\u00f1o, 70 expositores Sector Manualidades, 68 expositores Productos regionales, 90 expositores Sector Comercial, 40 expositores Mercado Cultural, 100 food trucks, 28 cafeter\u00edas, kioscos y ranchos, 10 cervecer\u00edas y 502 expositores en Achalay, MECA, PCPC, Desarrollo Social, Desarrollo Productivo, Municipalidad de la Capital)<\/p>\n<p>-Escenario Mayor: m\u00e1s de 40.000 entradas vendidas. 4 de noches de 7 agotadas. Un 15% m\u00e1s en venta de entradas con relaci\u00f3n a 2024.<\/p>\n<p>-P\u00fablico de El Patio: 300.000 espectadores en las 9 tardes de programaci\u00f3n.<\/p>\n<p>-Cantidad de visitas a la Fiesta: 1.400.000 visitas en los 10 d\u00edas de la fiesta, lo que marca un 16,5% m\u00e1s con relaci\u00f3n al 2024. De ese total, el 30% fueron visitas de turistas (incluye turistas del interior de Catamarca).<\/p>\n<p>-Ocupaci\u00f3n Hotelera: Provincial 75% y en Capital del 80%. Promedio de estad\u00eda por turista 4,4 noches.<\/p>\n<p>-Transporte a\u00e9reo: 1.992 turistas arribaron v\u00eda a\u00e9rea del 18 al 27 de julio.<\/p>\n","protected":false},"excerpt":{"rendered":"<p>En Casa de Gobierno, la presentaci\u00f3n estuvo encabezada por la ministra de Cultura, Turismo y Deporte, Daiana Rold\u00e1n, junto a<\/p>\n","protected":false},"author":1,"featured_media":25435,"comment_status":"closed","ping_status":"closed","sticky":false,"template":"","format":"standard","meta":{"footnotes":"","jetpack_publicize_message":"","jetpack_publicize_feature_enabled":true,"jetpack_social_post_already_shared":true,"jetpack_social_options":{"image_generator_settings":{"template":"highway","enabled":false},"version":2}},"categories":[2],"tags":[],"class_list":["post-25434","post","type-post","status-publish","format-standard","has-post-thumbnail","hentry","category-locales"],"jetpack_publicize_connections":[],"_links":{"self":[{"href":"https:\/\/diariorepublica.com.ar\/web\/index.php\/wp-json\/wp\/v2\/posts\/25434"}],"collection":[{"href":"https:\/\/diariorepublica.com.ar\/web\/index.php\/wp-json\/wp\/v2\/posts"}],"about":[{"href":"https:\/\/diariorepublica.com.ar\/web\/index.php\/wp-json\/wp\/v2\/types\/post"}],"author":[{"embeddable":true,"href":"https:\/\/diariorepublica.com.ar\/web\/index.php\/wp-json\/wp\/v2\/users\/1"}],"replies":[{"embeddable":true,"href":"https:\/\/diariorepublica.com.ar\/web\/index.php\/wp-json\/wp\/v2\/comments?post=25434"}],"version-history":[{"count":1,"href":"https:\/\/diariorepublica.com.ar\/web\/index.php\/wp-json\/wp\/v2\/posts\/25434\/revisions"}],"predecessor-version":[{"id":25436,"href":"https:\/\/diariorepublica.com.ar\/web\/index.php\/wp-json\/wp\/v2\/posts\/25434\/revisions\/25436"}],"wp:featuredmedia":[{"embeddable":true,"href":"https:\/\/diariorepublica.com.ar\/web\/index.php\/wp-json\/wp\/v2\/media\/25435"}],"wp:attachment":[{"href":"https:\/\/diariorepublica.com.ar\/web\/index.php\/wp-json\/wp\/v2\/media?parent=25434"}],"wp:term":[{"taxonomy":"category","embeddable":true,"href":"https:\/\/diariorepublica.com.ar\/web\/index.php\/wp-json\/wp\/v2\/categories?post=25434"},{"taxonomy":"post_tag","embeddable":true,"href":"https:\/\/diariorepublica.com.ar\/web\/index.php\/wp-json\/wp\/v2\/tags?post=25434"}],"curies":[{"name":"wp","href":"https:\/\/api.w.org\/{rel}","templated":true}]}}