{"id":25482,"date":"2025-08-06T08:13:19","date_gmt":"2025-08-06T11:13:19","guid":{"rendered":"https:\/\/diariorepublica.com.ar\/web\/?p=25482"},"modified":"2025-08-06T08:13:21","modified_gmt":"2025-08-06T11:13:21","slug":"se-lanzo-la-primera-mesa-intermunicipal-de-ambiente-con-18-municipios-que-apuestan-a-la-articulacion-ambiental","status":"publish","type":"post","link":"https:\/\/diariorepublica.com.ar\/web\/index.php\/locales\/2025\/08\/06\/se-lanzo-la-primera-mesa-intermunicipal-de-ambiente-con-18-municipios-que-apuestan-a-la-articulacion-ambiental\/","title":{"rendered":"Se lanz\u00f3 la primera Mesa Intermunicipal de Ambiente: con 18 municipios que apuestan a la articulaci\u00f3n ambiental"},"content":{"rendered":"<p dir=\"ltr\">En \u00e1mbitos del Nodo Tecnol\u00f3gico de la Capital, ayer se llev\u00f3 a cabo la 1er Mesa Intermunicipal de Ambiente, una iniciativa impulsada por la Municipalidad capitalina que tiene como objetivo fortalecer el trabajo conjunto entre municipios para dar respuesta, de manera articulada y territorial, a los desaf\u00edos ambientales de toda la provincia.<\/p>\n<p dir=\"ltr\">Este primer encuentro marc\u00f3 el inicio de un espacio de coordinaci\u00f3n intermunicipal sin precedentes, con la participaci\u00f3n activa de 18 comunas: Andalgal\u00e1, Antofagasta de la Sierra, Bel\u00e9n, Capital, Chumbicha, Fray Mamerto Esqui\u00fa, Huillapima (Capay\u00e1n), La Puerta (Ambato), Los Varela, Mutqu\u00edn (Pom\u00e1n), Pom\u00e1n, San Jos\u00e9 (Santa Mar\u00eda), Santa Mar\u00eda, Pacl\u00edn, Puerta de San Jos\u00e9 (Bel\u00e9n), Tinogasta, Valle Viejo y Villa Vil.<\/p>\n<p dir=\"ltr\">La apertura estuvo a cargo del secretario de Ambiente y Espacios P\u00fablicos de la Capital, Lic. Nicol\u00e1s Acu\u00f1a, quien dio la bienvenida a los presentes y expres\u00f3: \u201cEs fundamental regionalizar en toda la provincia las pol\u00edticas p\u00fablicas ambientales, para dar respuestas concretas desde una mirada territorial y colaborativa\u201d.<\/p>\n<p dir=\"ltr\">Agenda com\u00fan y acciones concretas<\/p>\n<p dir=\"ltr\">Durante la jornada se formaliz\u00f3 la creaci\u00f3n de la Mesa, se designaron referentes t\u00e9cnicos por cada municipio, y se presentaron los ejes estrat\u00e9gicos que articular\u00e1n el trabajo conjunto. Adem\u00e1s, los equipos participantes realizaron un circuito de visitas t\u00e9cnicas por el Centro de Monitoreo Meteorol\u00f3gico Municipal, la sede de Polic\u00eda Ambiental y el Punto GIRO-Valle Chico, para conocer los servicios y experiencias de gesti\u00f3n ambiental que impulsa actualmente la Municipalidad de la Capital, la cual es modelo para comunas de otras provincias, incluso pa\u00edses, como Chile, entre otros, interesados en nuestra Capital como inspiraci\u00f3n para el desarrollo y la sustentabilidad.<\/p>\n<p dir=\"ltr\">Las l\u00edneas prioritarias de trabajo acordadas fueron:<\/p>\n<p dir=\"ltr\">\u2022\u00a0Forestaci\u00f3n urbana<\/p>\n<p dir=\"ltr\">\u2022\u00a0Gesti\u00f3n integral de residuos s\u00f3lidos urbanos<\/p>\n<p dir=\"ltr\">\u2022\u00a0Educaci\u00f3n ambiental<\/p>\n<p dir=\"ltr\">\u2022\u00a0Mitigaci\u00f3n y adaptaci\u00f3n al cambio clim\u00e1tico<\/p>\n<p dir=\"ltr\">\u2022\u00a0Monitoreo meteorol\u00f3gico y alerta temprana<\/p>\n<p dir=\"ltr\">\u2022\u00a0Manejo de espacios verdes, viveros, huertas y compostaje<\/p>\n<p dir=\"ltr\">\u2022\u00a0\u00c1reas protegidas municipales y Red de Reservas Naturales<\/p>\n<p dir=\"ltr\">\u2022\u00a0Normativa ambiental com\u00fan<\/p>\n<p dir=\"ltr\">\u2022\u00a0Control y fiscalizaci\u00f3n ambiental<\/p>\n<p dir=\"ltr\">A partir de estos ejes, se pondr\u00e1n en marcha mesas tem\u00e1ticas espec\u00edficas que permitir\u00e1n avanzar en el dise\u00f1o de estrategias regionales y en la implementaci\u00f3n de acciones concretas. Este encuentro inaugural sent\u00f3 las bases para iniciar un nuevo ciclo de trabajo intermunicipal con una agenda ambiental compartida. Las primeras cinco mesas que se activar\u00e1n en los pr\u00f3ximos encuentros estar\u00e1n enfocadas en los siguientes temas prioritarios:<\/p>\n<p dir=\"ltr\">1.\u00a0Gesti\u00f3n integral de residuos s\u00f3lidos urbanos (GIRSU)<\/p>\n<p dir=\"ltr\">2.\u00a0Educaci\u00f3n ambiental<\/p>\n<p dir=\"ltr\">3.\u00a0Eficiencia energ\u00e9tica<\/p>\n<p dir=\"ltr\">4.\u00a0Monitoreo meteorol\u00f3gico y sistemas de alerta temprana<\/p>\n<p dir=\"ltr\">5.\u00a0Cambio clim\u00e1tico y planificaci\u00f3n local<\/p>\n<p dir=\"ltr\">El pr\u00f3ximo encuentro, que se realizar\u00e1 en formato h\u00edbrido (virtual y presencial) estar\u00e1 centrado en el eje de Gesti\u00f3n de Residuos, y abordar\u00e1:<\/p>\n<p dir=\"ltr\">\u2022\u00a0Relevamiento de basurales y microbasurales en los municipios<\/p>\n<p dir=\"ltr\">\u2022\u00a0Regionalizaci\u00f3n del Plan GIRSU<\/p>\n<p dir=\"ltr\">\u2022\u00a0Homogeneizaci\u00f3n del c\u00f3digo de colores para la separaci\u00f3n de residuos, en l\u00ednea con los criterios establecidos a nivel nacional<\/p>\n<p dir=\"ltr\">Una provincia, una agenda ambiental com\u00fan<\/p>\n<p dir=\"ltr\">La Mesa Intermunicipal de Ambiente representa un paso firme hacia una pol\u00edtica ambiental provincial integrada, que reconoce la diversidad del territorio catamarque\u00f1o y apuesta por el trabajo en red para dar respuestas m\u00e1s eficaces, sostenibles y coordinadas a los desaf\u00edos actuales.<\/p>\n<p dir=\"ltr\">Desde la Municipalidad de la Capital, a cargo del Intendente Gustavo Saadi, se extiende la invitaci\u00f3n a m\u00e1s municipios a sumarse a este espacio colectivo, con el compromiso de fortalecer una red colaborativa que ya comenz\u00f3 a transformar la gesti\u00f3n ambiental en la provincia.<\/p>\n","protected":false},"excerpt":{"rendered":"<p>En \u00e1mbitos del Nodo Tecnol\u00f3gico de la Capital, ayer se llev\u00f3 a cabo la 1er Mesa Intermunicipal de Ambiente, una<\/p>\n","protected":false},"author":1,"featured_media":25483,"comment_status":"closed","ping_status":"closed","sticky":false,"template":"","format":"standard","meta":{"footnotes":"","jetpack_publicize_message":"","jetpack_publicize_feature_enabled":true,"jetpack_social_post_already_shared":true,"jetpack_social_options":{"image_generator_settings":{"template":"highway","enabled":false},"version":2}},"categories":[2],"tags":[],"class_list":["post-25482","post","type-post","status-publish","format-standard","has-post-thumbnail","hentry","category-locales"],"jetpack_publicize_connections":[],"_links":{"self":[{"href":"https:\/\/diariorepublica.com.ar\/web\/index.php\/wp-json\/wp\/v2\/posts\/25482"}],"collection":[{"href":"https:\/\/diariorepublica.com.ar\/web\/index.php\/wp-json\/wp\/v2\/posts"}],"about":[{"href":"https:\/\/diariorepublica.com.ar\/web\/index.php\/wp-json\/wp\/v2\/types\/post"}],"author":[{"embeddable":true,"href":"https:\/\/diariorepublica.com.ar\/web\/index.php\/wp-json\/wp\/v2\/users\/1"}],"replies":[{"embeddable":true,"href":"https:\/\/diariorepublica.com.ar\/web\/index.php\/wp-json\/wp\/v2\/comments?post=25482"}],"version-history":[{"count":1,"href":"https:\/\/diariorepublica.com.ar\/web\/index.php\/wp-json\/wp\/v2\/posts\/25482\/revisions"}],"predecessor-version":[{"id":25484,"href":"https:\/\/diariorepublica.com.ar\/web\/index.php\/wp-json\/wp\/v2\/posts\/25482\/revisions\/25484"}],"wp:featuredmedia":[{"embeddable":true,"href":"https:\/\/diariorepublica.com.ar\/web\/index.php\/wp-json\/wp\/v2\/media\/25483"}],"wp:attachment":[{"href":"https:\/\/diariorepublica.com.ar\/web\/index.php\/wp-json\/wp\/v2\/media?parent=25482"}],"wp:term":[{"taxonomy":"category","embeddable":true,"href":"https:\/\/diariorepublica.com.ar\/web\/index.php\/wp-json\/wp\/v2\/categories?post=25482"},{"taxonomy":"post_tag","embeddable":true,"href":"https:\/\/diariorepublica.com.ar\/web\/index.php\/wp-json\/wp\/v2\/tags?post=25482"}],"curies":[{"name":"wp","href":"https:\/\/api.w.org\/{rel}","templated":true}]}}