{"id":2553,"date":"2023-05-09T08:33:09","date_gmt":"2023-05-09T11:33:09","guid":{"rendered":"https:\/\/diariorepublica.com.ar\/web\/?p=2553"},"modified":"2023-05-09T08:33:11","modified_gmt":"2023-05-09T11:33:11","slug":"no-descartan-a-lucia-corpacci-como-precandidata-a-gobernar-catamarca","status":"publish","type":"post","link":"https:\/\/diariorepublica.com.ar\/web\/index.php\/politica\/2023\/05\/09\/no-descartan-a-lucia-corpacci-como-precandidata-a-gobernar-catamarca\/","title":{"rendered":"No descartan a Lucia Corpacci como precandidata a Gobernar Catamarca"},"content":{"rendered":"<p>El titular de Miner\u00eda, Marcelo Murua, habl\u00f3 sobre la interna del Frente de Todos por los cargos electivos y consider\u00f3 que Luc\u00eda Corpacci, actual senadora nacional, podr\u00eda encabezar la lista en la carrera por la gobernaci\u00f3n 2023.<\/p>\n<p>Las declaraciones del Ministro surgen tras la confirmaci\u00f3n del intendente capitalino Gustavo Saadi, quien public\u00f3 en las redes sociales la posibilidad de no ir por la reelecci\u00f3n, declaraci\u00f3n que inmediatamente desat\u00f3 un sinf\u00edn de pedidos para que acepte la precandidatura a Gobernador en la contienda electoral de este a\u00f1o.<\/p>\n<p>En ese contexto, Mur\u00faa en un intento por bajar el perfil a la interna del oficialismo, profundiz\u00f3 m\u00e1s la grieta y lanz\u00f3 a Corpacci a la carrera electoral.<\/p>\n<p>\u201cNosotros somos parte de un frente pol\u00edtico que hoy en d\u00eda tiene a Luc\u00eda Corpacci conduciendo el partido, a la Provincia gobernada por Ra\u00fal Jalil y a la Intendencia la Capital, que es el distrito m\u00e1s grande, por Gustavo Saadi. En el momento que se tengan que evaluar las candidaturas para los diferentes cargos, est\u00e1n todos los referentes habilitados, inclusive Luc\u00eda Corpaci es una clara opci\u00f3n para poder estar en la oferta electoral de este a\u00f1o. No queda ninguna duda que de producirse o ser una decisi\u00f3n del conjunto que tenga que haber alguna alternativa a lo que a lo que est\u00e1 planteado hoy, claramente Luc\u00eda es una referente que est\u00e1 en la consideraci\u00f3n de la gente como para estar ocupando cualquiera de los de los esca\u00f1os o de los cargos que se ponen en juego este a\u00f1o\u201d, manifest\u00f3 el Secretario de adoctrinamiento del PJ local.<\/p>\n","protected":false},"excerpt":{"rendered":"<p>El titular de Miner\u00eda, Marcelo Murua, habl\u00f3 sobre la interna del Frente de Todos por los cargos electivos y consider\u00f3<\/p>\n","protected":false},"author":2,"featured_media":2584,"comment_status":"closed","ping_status":"closed","sticky":false,"template":"","format":"standard","meta":{"footnotes":"","jetpack_publicize_message":"","jetpack_publicize_feature_enabled":true,"jetpack_social_post_already_shared":false,"jetpack_social_options":{"image_generator_settings":{"template":"highway","enabled":false},"version":2}},"categories":[12],"tags":[],"class_list":["post-2553","post","type-post","status-publish","format-standard","has-post-thumbnail","hentry","category-politica"],"jetpack_publicize_connections":[],"_links":{"self":[{"href":"https:\/\/diariorepublica.com.ar\/web\/index.php\/wp-json\/wp\/v2\/posts\/2553"}],"collection":[{"href":"https:\/\/diariorepublica.com.ar\/web\/index.php\/wp-json\/wp\/v2\/posts"}],"about":[{"href":"https:\/\/diariorepublica.com.ar\/web\/index.php\/wp-json\/wp\/v2\/types\/post"}],"author":[{"embeddable":true,"href":"https:\/\/diariorepublica.com.ar\/web\/index.php\/wp-json\/wp\/v2\/users\/2"}],"replies":[{"embeddable":true,"href":"https:\/\/diariorepublica.com.ar\/web\/index.php\/wp-json\/wp\/v2\/comments?post=2553"}],"version-history":[{"count":1,"href":"https:\/\/diariorepublica.com.ar\/web\/index.php\/wp-json\/wp\/v2\/posts\/2553\/revisions"}],"predecessor-version":[{"id":2585,"href":"https:\/\/diariorepublica.com.ar\/web\/index.php\/wp-json\/wp\/v2\/posts\/2553\/revisions\/2585"}],"wp:featuredmedia":[{"embeddable":true,"href":"https:\/\/diariorepublica.com.ar\/web\/index.php\/wp-json\/wp\/v2\/media\/2584"}],"wp:attachment":[{"href":"https:\/\/diariorepublica.com.ar\/web\/index.php\/wp-json\/wp\/v2\/media?parent=2553"}],"wp:term":[{"taxonomy":"category","embeddable":true,"href":"https:\/\/diariorepublica.com.ar\/web\/index.php\/wp-json\/wp\/v2\/categories?post=2553"},{"taxonomy":"post_tag","embeddable":true,"href":"https:\/\/diariorepublica.com.ar\/web\/index.php\/wp-json\/wp\/v2\/tags?post=2553"}],"curies":[{"name":"wp","href":"https:\/\/api.w.org\/{rel}","templated":true}]}}