{"id":2554,"date":"2023-05-09T05:42:00","date_gmt":"2023-05-09T08:42:00","guid":{"rendered":"https:\/\/diariorepublica.com.ar\/web\/?p=2554"},"modified":"2023-05-09T07:43:43","modified_gmt":"2023-05-09T10:43:43","slug":"impuesto-a-las-ganancias-cuales-son-las-nuevas-exenciones-aprobadas","status":"publish","type":"post","link":"https:\/\/diariorepublica.com.ar\/web\/index.php\/economia\/2023\/05\/09\/impuesto-a-las-ganancias-cuales-son-las-nuevas-exenciones-aprobadas\/","title":{"rendered":"Impuesto a las ganancias:\u00a0\u00bfCu\u00e1les son las nuevas exenciones aprobadas?"},"content":{"rendered":"<p>El pago del\u00a0<strong>impuesto a las ganancias\u00a0<\/strong>es una de las grandes preocupaciones para quienes cobran salarios, en medio de una creciente inflaci\u00f3n. Por este motivo, el Congreso de la Naci\u00f3n realiz\u00f3 varias modificaciones a la ley donde\u00a0<strong>contemplan situaciones laborales que est\u00e1n exentas del pago de esta recaudaci\u00f3n.\u00a0<\/strong><\/p>\n<p>En el Bolet\u00edn oficial se indic\u00f3 que los<strong>\u00a0trabajadores de salud de hospitales p\u00fablicos y privados que realizan horas extras de guardia est\u00e1n exentos del pago de este tributo<\/strong>. La modificaci\u00f3n de Ganancias se hizo a trav\u00e9s de la\u00a0<strong>ley 27718<\/strong>\u00a0compuesta solo de dos art\u00edculos que indica que\u00a0 \u201clas remuneraciones percibidas en concepto de guardias obligatorias, ya sean activas o pasivas, y horas extras, realizadas por los profesionales, t\u00e9cnicos, auxiliares y personal operativo de los sistemas de salud, cuando la prestaci\u00f3n del servicio se realice en centros de salud p\u00fablicos o privados en todo el territorio nacional\u201d.<\/p>\n<p>Adem\u00e1s, los art\u00edculos indican la manera en la que<strong>\u00a0deber\u00e1 reflejarse en el recibo de sueldo.<\/strong>\u00a0\u201cEl beneficio de este apartado debe indicarse, en el recibo de haberes correspondiente al sujeto que tenga a su cargo el pago de la remuneraci\u00f3n y\/o liquidaci\u00f3n del haber, identific\u00e1ndolo con la leyenda<strong>\u00a0\u2018Exenci\u00f3n segundo p\u00e1rrafo del art\u00edculo 27 de la\u00a0Ley de Impuesto a las Ganancias\u00a0para las trabajadoras y trabajadores de la salud\u2019<\/strong>\u201d, indica el bolet\u00edn.<\/p>\n<p><strong>AFIP<\/strong>\u00a0agreg\u00f3 las exenciones al gravamen para ajustarse al nuevo piso del pago de este impuesto, que fue modificado por el Gobierno en<strong>\u00a0$506.230 brutos.<\/strong>\u00a0El organismo adem\u00e1s se\u00f1al\u00f3 que durante el a\u00f1o habr\u00e1n nuevas excenciones al pago de este impuesto que se aplicar\u00e1n \u00aben forma retroactiva y para todo el per\u00edodo fiscal 2023\u00bb.<\/p>\n","protected":false},"excerpt":{"rendered":"<p>El pago del\u00a0impuesto a las ganancias\u00a0es una de las grandes preocupaciones para quienes cobran salarios, en medio de una creciente<\/p>\n","protected":false},"author":1,"featured_media":2555,"comment_status":"closed","ping_status":"closed","sticky":false,"template":"","format":"standard","meta":{"footnotes":"","jetpack_publicize_message":"","jetpack_publicize_feature_enabled":true,"jetpack_social_post_already_shared":false,"jetpack_social_options":{"image_generator_settings":{"template":"highway","enabled":false},"version":2}},"categories":[5],"tags":[],"class_list":["post-2554","post","type-post","status-publish","format-standard","has-post-thumbnail","hentry","category-economia"],"jetpack_publicize_connections":[],"_links":{"self":[{"href":"https:\/\/diariorepublica.com.ar\/web\/index.php\/wp-json\/wp\/v2\/posts\/2554"}],"collection":[{"href":"https:\/\/diariorepublica.com.ar\/web\/index.php\/wp-json\/wp\/v2\/posts"}],"about":[{"href":"https:\/\/diariorepublica.com.ar\/web\/index.php\/wp-json\/wp\/v2\/types\/post"}],"author":[{"embeddable":true,"href":"https:\/\/diariorepublica.com.ar\/web\/index.php\/wp-json\/wp\/v2\/users\/1"}],"replies":[{"embeddable":true,"href":"https:\/\/diariorepublica.com.ar\/web\/index.php\/wp-json\/wp\/v2\/comments?post=2554"}],"version-history":[{"count":1,"href":"https:\/\/diariorepublica.com.ar\/web\/index.php\/wp-json\/wp\/v2\/posts\/2554\/revisions"}],"predecessor-version":[{"id":2556,"href":"https:\/\/diariorepublica.com.ar\/web\/index.php\/wp-json\/wp\/v2\/posts\/2554\/revisions\/2556"}],"wp:featuredmedia":[{"embeddable":true,"href":"https:\/\/diariorepublica.com.ar\/web\/index.php\/wp-json\/wp\/v2\/media\/2555"}],"wp:attachment":[{"href":"https:\/\/diariorepublica.com.ar\/web\/index.php\/wp-json\/wp\/v2\/media?parent=2554"}],"wp:term":[{"taxonomy":"category","embeddable":true,"href":"https:\/\/diariorepublica.com.ar\/web\/index.php\/wp-json\/wp\/v2\/categories?post=2554"},{"taxonomy":"post_tag","embeddable":true,"href":"https:\/\/diariorepublica.com.ar\/web\/index.php\/wp-json\/wp\/v2\/tags?post=2554"}],"curies":[{"name":"wp","href":"https:\/\/api.w.org\/{rel}","templated":true}]}}