{"id":25612,"date":"2025-08-11T11:07:01","date_gmt":"2025-08-11T14:07:01","guid":{"rendered":"https:\/\/diariorepublica.com.ar\/web\/?p=25612"},"modified":"2025-08-11T11:07:03","modified_gmt":"2025-08-11T14:07:03","slug":"meet-up-2025-gran-interes-de-tours-operadores-de-brasil-mexico-y-argentina-por-catamarca","status":"publish","type":"post","link":"https:\/\/diariorepublica.com.ar\/web\/index.php\/sociedad\/2025\/08\/11\/meet-up-2025-gran-interes-de-tours-operadores-de-brasil-mexico-y-argentina-por-catamarca\/","title":{"rendered":"Meet Up 2025: Gran inter\u00e9s de tours operadores de Brasil, M\u00e9xico y Argentina por Catamarca"},"content":{"rendered":"<p>Representantes del sector p\u00fablico y privado de Catamarca mantuvieron rondas de negocios con tours operadores de Brasil, M\u00e9xico y del pa\u00eds, en el marco del Meet Up Argentina 2025, el evento m\u00e1s importante del turismo de reuniones que se desarrolla el 6 y 7 de agosto en el Centro de Convenciones de la Ciudad Aut\u00f3noma de Buenos Aires.<\/p>\n<p>La secretaria de Gesti\u00f3n Tur\u00edstica, Evangelina Quar\u00edn destac\u00f3 la importancia de seguir participando y posicionar a Catamarca en el segmento de turismo reuniones para romper la estacionalidad. \u201cDurante la jornada de ayer tuvimos muchas consultas en las rondas con organizadores de eventos corporativos y deportivos y hoy continuaremos confiando en lograr acuerdos\u201d, expres\u00f3.<\/p>\n<p>Adem\u00e1s, en el espacio institucional que tiene la provincia en el marco de este evento, recibieron consultas de agencias de Buenos Aires que se especializan en turismo de bodas, un nuevo segmento para el cual desde el \u00e1rea de Turismo de Catamarca consideraron que la provincia tiene mucho potencial.<\/p>\n<p>El Ministerio de Cultura, Turismo y Deporte promociona en conjunto con la Secretar\u00eda de Turismo y Desarrollo Econ\u00f3mico de Catamarca Capital, el municipio de Tinogasta, Jumeal viajes, y Puna aventura, la infraestructura y los servicios tur\u00edsticos existentes en la provincia para ser sede de congresos, convenciones, ferias, exposiciones y eventos deportivos.<\/p>\n<p>Ente Norte Turismo<\/p>\n<p>La secretaria de Gesti\u00f3n Tur\u00edstica, Evangelina Quar\u00edn particip\u00f3 junto a las autoridades de las \u00e1reas de turismo de Jujuy, Salta, Tucum\u00e1n y La Rioja en la reuni\u00f3n del Ente Norte Turismo concretada este mi\u00e9rcoles 6 de agosto, en el marco del evento \u201cMeet Up Argentina 2025\u201d.<\/p>\n<p>Durante el encuentro trabajaron en el Plan Estrat\u00e9gico de Marketing de la regi\u00f3n Norte, abordaron detalles de la participaci\u00f3n en la Feria Internacional de Turismo, que se realizar\u00e1 del 27 al 30 de septiembre en la Ciudad de Buenos Aires, y futuras acciones estrat\u00e9gicas de promoci\u00f3n del Ente Norte.<\/p>\n<p>Por la tarde, Quar\u00edn estuvo en la 172\u00b0 Asamblea del Consejo Federal de Turismo (CFT), que estuvo encabezada por el presidente del CFT, Valent\u00edn D\u00edaz Gilligan, y cont\u00f3 con la participaci\u00f3n del secretario de Turismo, Ambiente y Deportes de la Naci\u00f3n, Daniel Scioli. Durante el encuentro se abord\u00f3 una agenda de temas que tuvo como eje central el objetivo de hacer atractivo el destino Argentina en el exterior.<\/p>\n","protected":false},"excerpt":{"rendered":"<p>Representantes del sector p\u00fablico y privado de Catamarca mantuvieron rondas de negocios con tours operadores de Brasil, M\u00e9xico y del<\/p>\n","protected":false},"author":1,"featured_media":25613,"comment_status":"closed","ping_status":"closed","sticky":false,"template":"","format":"standard","meta":{"footnotes":"","jetpack_publicize_message":"","jetpack_publicize_feature_enabled":true,"jetpack_social_post_already_shared":true,"jetpack_social_options":{"image_generator_settings":{"template":"highway","enabled":false},"version":2}},"categories":[3],"tags":[],"class_list":["post-25612","post","type-post","status-publish","format-standard","has-post-thumbnail","hentry","category-sociedad"],"jetpack_publicize_connections":[],"_links":{"self":[{"href":"https:\/\/diariorepublica.com.ar\/web\/index.php\/wp-json\/wp\/v2\/posts\/25612"}],"collection":[{"href":"https:\/\/diariorepublica.com.ar\/web\/index.php\/wp-json\/wp\/v2\/posts"}],"about":[{"href":"https:\/\/diariorepublica.com.ar\/web\/index.php\/wp-json\/wp\/v2\/types\/post"}],"author":[{"embeddable":true,"href":"https:\/\/diariorepublica.com.ar\/web\/index.php\/wp-json\/wp\/v2\/users\/1"}],"replies":[{"embeddable":true,"href":"https:\/\/diariorepublica.com.ar\/web\/index.php\/wp-json\/wp\/v2\/comments?post=25612"}],"version-history":[{"count":1,"href":"https:\/\/diariorepublica.com.ar\/web\/index.php\/wp-json\/wp\/v2\/posts\/25612\/revisions"}],"predecessor-version":[{"id":25614,"href":"https:\/\/diariorepublica.com.ar\/web\/index.php\/wp-json\/wp\/v2\/posts\/25612\/revisions\/25614"}],"wp:featuredmedia":[{"embeddable":true,"href":"https:\/\/diariorepublica.com.ar\/web\/index.php\/wp-json\/wp\/v2\/media\/25613"}],"wp:attachment":[{"href":"https:\/\/diariorepublica.com.ar\/web\/index.php\/wp-json\/wp\/v2\/media?parent=25612"}],"wp:term":[{"taxonomy":"category","embeddable":true,"href":"https:\/\/diariorepublica.com.ar\/web\/index.php\/wp-json\/wp\/v2\/categories?post=25612"},{"taxonomy":"post_tag","embeddable":true,"href":"https:\/\/diariorepublica.com.ar\/web\/index.php\/wp-json\/wp\/v2\/tags?post=25612"}],"curies":[{"name":"wp","href":"https:\/\/api.w.org\/{rel}","templated":true}]}}