{"id":25615,"date":"2025-08-11T13:07:00","date_gmt":"2025-08-11T16:07:00","guid":{"rendered":"https:\/\/diariorepublica.com.ar\/web\/?p=25615"},"modified":"2025-08-11T11:08:33","modified_gmt":"2025-08-11T14:08:33","slug":"catamarca-trabaja-en-su-participacion-en-los-juegos-evita-2025","status":"publish","type":"post","link":"https:\/\/diariorepublica.com.ar\/web\/index.php\/deportes\/2025\/08\/11\/catamarca-trabaja-en-su-participacion-en-los-juegos-evita-2025\/","title":{"rendered":"Catamarca trabaja en su participaci\u00f3n en los Juegos Evita 2025"},"content":{"rendered":"<p>El secretario de Deportes y Recreaci\u00f3n, dependiente del Ministerio de Cultura, Turismo y Deporte, Guillermo Perna junto al director Provincial de Deporte Social Federico Andrada se reunieron este viernes en la Casa de la Historia y la Cultura de Pom\u00e1n con los directores de deportes municipales planificando las etapas municipales y provinciales para la clasificaci\u00f3n a los Juegos \u00a0Deportivos Nacionales Evita 2025.<\/p>\n<p>Del encuentro formaron parte representantes de Deportes de las intendencias de diferentes localidades de la Provincia, y tambi\u00e9n se transmiti\u00f3 a trav\u00e9s de la plataforma Meet para quienes no pudieron asistir al encuentro de manera presencial.<\/p>\n<p>En la reuni\u00f3n se trataron diferentes tem\u00e1ticas, entre ellas la coordinaci\u00f3n del trabajo a lo largo de este proceso selectivo para que los j\u00f3venes deportistas de todos los puntos de la Provincia puedan ser parte y lograr el tan ansiado paso a la instancia nacional.<\/p>\n<p>Por otra parte, esta tarde, a las 18.30 hs, se realizar\u00e1 la convocatoria para Asociaciones y Federaciones deportivas de la provincia para planificar el trabajo coordinado durante el desarrollo de las fases clasificatorias de este certamen.<\/p>\n","protected":false},"excerpt":{"rendered":"<p>El secretario de Deportes y Recreaci\u00f3n, dependiente del Ministerio de Cultura, Turismo y Deporte, Guillermo Perna junto al director Provincial<\/p>\n","protected":false},"author":1,"featured_media":25616,"comment_status":"closed","ping_status":"closed","sticky":false,"template":"","format":"standard","meta":{"footnotes":"","jetpack_publicize_message":"","jetpack_publicize_feature_enabled":true,"jetpack_social_post_already_shared":true,"jetpack_social_options":{"image_generator_settings":{"template":"highway","enabled":false},"version":2}},"categories":[9],"tags":[],"class_list":["post-25615","post","type-post","status-publish","format-standard","has-post-thumbnail","hentry","category-deportes"],"jetpack_publicize_connections":[],"_links":{"self":[{"href":"https:\/\/diariorepublica.com.ar\/web\/index.php\/wp-json\/wp\/v2\/posts\/25615"}],"collection":[{"href":"https:\/\/diariorepublica.com.ar\/web\/index.php\/wp-json\/wp\/v2\/posts"}],"about":[{"href":"https:\/\/diariorepublica.com.ar\/web\/index.php\/wp-json\/wp\/v2\/types\/post"}],"author":[{"embeddable":true,"href":"https:\/\/diariorepublica.com.ar\/web\/index.php\/wp-json\/wp\/v2\/users\/1"}],"replies":[{"embeddable":true,"href":"https:\/\/diariorepublica.com.ar\/web\/index.php\/wp-json\/wp\/v2\/comments?post=25615"}],"version-history":[{"count":1,"href":"https:\/\/diariorepublica.com.ar\/web\/index.php\/wp-json\/wp\/v2\/posts\/25615\/revisions"}],"predecessor-version":[{"id":25617,"href":"https:\/\/diariorepublica.com.ar\/web\/index.php\/wp-json\/wp\/v2\/posts\/25615\/revisions\/25617"}],"wp:featuredmedia":[{"embeddable":true,"href":"https:\/\/diariorepublica.com.ar\/web\/index.php\/wp-json\/wp\/v2\/media\/25616"}],"wp:attachment":[{"href":"https:\/\/diariorepublica.com.ar\/web\/index.php\/wp-json\/wp\/v2\/media?parent=25615"}],"wp:term":[{"taxonomy":"category","embeddable":true,"href":"https:\/\/diariorepublica.com.ar\/web\/index.php\/wp-json\/wp\/v2\/categories?post=25615"},{"taxonomy":"post_tag","embeddable":true,"href":"https:\/\/diariorepublica.com.ar\/web\/index.php\/wp-json\/wp\/v2\/tags?post=25615"}],"curies":[{"name":"wp","href":"https:\/\/api.w.org\/{rel}","templated":true}]}}