{"id":25618,"date":"2025-08-11T11:13:23","date_gmt":"2025-08-11T14:13:23","guid":{"rendered":"https:\/\/diariorepublica.com.ar\/web\/?p=25618"},"modified":"2025-08-11T11:13:26","modified_gmt":"2025-08-11T14:13:26","slug":"universidades-docentes-y-no-docentes-inician-hoy-un-paro-por-recomposicion-salarial","status":"publish","type":"post","link":"https:\/\/diariorepublica.com.ar\/web\/index.php\/nacionales\/2025\/08\/11\/universidades-docentes-y-no-docentes-inician-hoy-un-paro-por-recomposicion-salarial\/","title":{"rendered":"Universidades: docentes y no docentes inician hoy un paro por recomposici\u00f3n salarial"},"content":{"rendered":"<article id=\"article-post\" class=\"first\">\n<div class=\"cuerpo\" data-twitter-link=\"https:\/\/twitter.com\/intent\/tweet?url=https:\/\/www.diariopopular.com.ar\/c856566&amp;via=poopulardiario&amp;related=Popular&amp;text=\">\n<p><strong>Los sindicatos docentes y no docentes comenzaron un paro universitario<\/strong>\u00a0en reclamo de aumento salarial e incremento de las partidas presupuestarias, en medio del avance de la media sanci\u00f3n del proyecto de ley que incrementa los recursos en las casas de estudio.<\/p>\n<\/div>\n<\/article>\n<article id=\"article-post\">\n<div class=\"cuerpo\" data-twitter-link=\"https:\/\/twitter.com\/intent\/tweet?url=https:\/\/www.diariopopular.com.ar\/c856566&amp;via=poopulardiario&amp;related=Popular&amp;text=\">\n<p><strong>La jornada de lucha es incentivada por el Frente Sindical de las Universidades Nacionales<\/strong>, que incluye a los gremios docentes de la Federaci\u00f3n de Docentes de las Universidades (Fedun), los de la Federaci\u00f3n Nacional de Docentes Universitarios (Conadu) y los de la Conadu Hist\u00f3rica, as\u00ed como a los no docentes nucleados en la Federaci\u00f3n Argentina del Trabajador de Universidades Nacionales (Fatun).<\/p>\n<p>Con la consigna \u201c<strong>basta de salarios debajo de la l\u00ednea de pobreza<\/strong>\u201d, desde este lunes, en gran parte de las universidades nacionales (UUNN) del pa\u00eds se\u00a0<strong>aplazar\u00e1 el inicio del segundo cuatrimestre<\/strong>.<\/p>\n<div id=\"embed4644_wrap\" class=\"embed_cont type_freetext\" contenteditable=\"false\" data-provider=\"Twitter\">\n<div id=\"embed4644_content\" class=\"embed_content\">\n<div id=\"embed4644_embed\">\n<div class=\"twitter-tweet twitter-tweet-rendered\"><iframe id=\"twitter-widget-0\" class=\"\" title=\"X Post\" src=\"https:\/\/platform.twitter.com\/embed\/Tweet.html?creatorScreenName=diariopopular&amp;dnt=false&amp;embedId=twitter-widget-0&amp;features=eyJ0ZndfdGltZWxpbmVfbGlzdCI6eyJidWNrZXQiOltdLCJ2ZXJzaW9uIjpudWxsfSwidGZ3X2ZvbGxvd2VyX2NvdW50X3N1bnNldCI6eyJidWNrZXQiOnRydWUsInZlcnNpb24iOm51bGx9LCJ0ZndfdHdlZXRfZWRpdF9iYWNrZW5kIjp7ImJ1Y2tldCI6Im9uIiwidmVyc2lvbiI6bnVsbH0sInRmd19yZWZzcmNfc2Vzc2lvbiI6eyJidWNrZXQiOiJvbiIsInZlcnNpb24iOm51bGx9LCJ0ZndfZm9zbnJfc29mdF9pbnRlcnZlbnRpb25zX2VuYWJsZWQiOnsiYnVja2V0Ijoib24iLCJ2ZXJzaW9uIjpudWxsfSwidGZ3X21peGVkX21lZGlhXzE1ODk3Ijp7ImJ1Y2tldCI6InRyZWF0bWVudCIsInZlcnNpb24iOm51bGx9LCJ0ZndfZXhwZXJpbWVudHNfY29va2llX2V4cGlyYXRpb24iOnsiYnVja2V0IjoxMjA5NjAwLCJ2ZXJzaW9uIjpudWxsfSwidGZ3X3Nob3dfYmlyZHdhdGNoX3Bpdm90c19lbmFibGVkIjp7ImJ1Y2tldCI6Im9uIiwidmVyc2lvbiI6bnVsbH0sInRmd19kdXBsaWNhdGVfc2NyaWJlc190b19zZXR0aW5ncyI6eyJidWNrZXQiOiJvbiIsInZlcnNpb24iOm51bGx9LCJ0ZndfdXNlX3Byb2ZpbGVfaW1hZ2Vfc2hhcGVfZW5hYmxlZCI6eyJidWNrZXQiOiJvbiIsInZlcnNpb24iOm51bGx9LCJ0ZndfdmlkZW9faGxzX2R5bmFtaWNfbWFuaWZlc3RzXzE1MDgyIjp7ImJ1Y2tldCI6InRydWVfYml0cmF0ZSIsInZlcnNpb24iOm51bGx9LCJ0ZndfbGVnYWN5X3RpbWVsaW5lX3N1bnNldCI6eyJidWNrZXQiOnRydWUsInZlcnNpb24iOm51bGx9LCJ0ZndfdHdlZXRfZWRpdF9mcm9udGVuZCI6eyJidWNrZXQiOiJvbiIsInZlcnNpb24iOm51bGx9fQ%3D%3D&amp;frame=false&amp;hideCard=false&amp;hideThread=false&amp;id=1953787070343782844&amp;lang=en&amp;origin=https%3A%2F%2Fwww.diariopopular.com.ar%2Fpolitica%2Funiversidades-docentes-y-no-docentes-inician-hoy-un-paro-recomposicion-salarial-n856566&amp;sessionId=099ef768c1782a88d3273127a83ca5c9b4fca599&amp;siteScreenName=diariopopular&amp;theme=light&amp;widgetsVersion=2615f7e52b7e0%3A1702314776716&amp;width=550px\" frameborder=\"0\" scrolling=\"no\" allowfullscreen=\"allowfullscreen\" data-tweet-id=\"1953787070343782844\" data-gtm-yt-inspected-15=\"true\" data-mce-fragment=\"1\"><\/iframe><\/div>\n<\/div>\n<\/div>\n<div id=\"embed4644_epigrafe\" class=\"embed_epigrafe\"><\/div>\n<div id=\"embed4644_copyright\" class=\"embed_copyright\"><\/div>\n<\/div>\n<p>\u201cCon docentes y nodocentes bajo la l\u00ednea de la pobreza, no hay universidad posible\u201d, se\u00f1ala una de las principales consignas impulsadas por la Federaci\u00f3n Nacional de Docentes Universitarixs (CONADU), que defini\u00f3 la medida hace poco m\u00e1s de una semana, en un plenario con la participaci\u00f3n de 25 organizaciones gremiales de todo el pa\u00eds.<\/p>\n<p class=\"\" data-mrf-recirculation=\"Links inline\">En algunas instituciones p\u00fablicas,\u00a0<strong>el paro universitario se extender\u00e1 durante toda la semana<\/strong>, seg\u00fan el cronograma definido por Conadu. Pero en alg\u00fan punto, el cese de actividades depender\u00e1 de la conflictividad al interior de cada unidad acad\u00e9mica, y el grado de adhesi\u00f3n que alcance la huelga general.<\/p>\n<p>En tanto, el martes los trabajadores de la UBA organizar\u00e1n<strong>\u00a0actividades de visibilizaci\u00f3n<\/strong>\u00a0de la problem\u00e1tica en facultades, institutos y hospitales universitarios y las acciones incluir\u00e1n clases p\u00fablicas, radios abiertas y charlas informativas.<\/p>\n<p>El secretario general de ADUBA,<strong>\u00a0Emiliano Cagnacci, afirm\u00f3 que \u00abel Gobierno no escucha y contin\u00faa asfixiando a los trabajadores universitarios,<\/strong>\u00a0cuyos salarios est\u00e1n mayoritariamente bajo la l\u00ednea de pobreza\u00bb.<\/p>\n<p>La medida de fuerza tambi\u00e9n impacta en los colegios preuniversitarios, como el\u00a0<strong>Colegio Nacional Buenos Aires\u00a0<\/strong>o la\u00a0<strong>Escuela Superior de Comercio Carlos Pellegrini<\/strong>. Tambi\u00e9n abarca a las instituciones platenses, como\u00a0<strong>Escuela Anexa<\/strong>, el\u00a0<strong>Colegio Nacional<\/strong>, el\u00a0<strong>Liceo V\u00edctor Mercante<\/strong>\u00a0y el\u00a0<strong>Bachillerato de Bellas Artes<\/strong>, donde no se dictar\u00e1n clases durante los d\u00edas de huelga. Mientras que en la\u00a0<strong>Universidad Nacional de La Plata\u00a0<\/strong>el cese de tareas se extender\u00e1 durante toda la semana.<\/p>\n<p class=\"\" data-mrf-recirculation=\"Links inline\">La tensi\u00f3n se agrav\u00f3 tras la decisi\u00f3n unilateral del Poder Ejecutivo de establecer incrementos salariales para el sector docente universitario de apenas\u00a0<strong>1,3% para junio, 1,3% para julio, 1,3% para agosto, 1,2% para septiembre, 1,1% para octubre y 1,1% para noviembre<\/strong>. Estos aumentos se abonar\u00e1n en su mayor\u00eda en forma diferida, acumul\u00e1ndose los montos de junio, julio y agosto para ser percibidos reci\u00e9n junto con el salario de agosto.<\/p>\n<div id=\"embed5161_wrap\" class=\"embed_cont type_freetext\" contenteditable=\"false\" data-provider=\"Twitter\">\n<div id=\"embed5161_content\" class=\"embed_content\">\n<div id=\"embed5161_embed\">\n<div class=\"twitter-tweet twitter-tweet-rendered\"><iframe id=\"twitter-widget-1\" class=\"\" title=\"X Post\" src=\"https:\/\/platform.twitter.com\/embed\/Tweet.html?creatorScreenName=diariopopular&amp;dnt=false&amp;embedId=twitter-widget-1&amp;features=eyJ0ZndfdGltZWxpbmVfbGlzdCI6eyJidWNrZXQiOltdLCJ2ZXJzaW9uIjpudWxsfSwidGZ3X2ZvbGxvd2VyX2NvdW50X3N1bnNldCI6eyJidWNrZXQiOnRydWUsInZlcnNpb24iOm51bGx9LCJ0ZndfdHdlZXRfZWRpdF9iYWNrZW5kIjp7ImJ1Y2tldCI6Im9uIiwidmVyc2lvbiI6bnVsbH0sInRmd19yZWZzcmNfc2Vzc2lvbiI6eyJidWNrZXQiOiJvbiIsInZlcnNpb24iOm51bGx9LCJ0ZndfZm9zbnJfc29mdF9pbnRlcnZlbnRpb25zX2VuYWJsZWQiOnsiYnVja2V0Ijoib24iLCJ2ZXJzaW9uIjpudWxsfSwidGZ3X21peGVkX21lZGlhXzE1ODk3Ijp7ImJ1Y2tldCI6InRyZWF0bWVudCIsInZlcnNpb24iOm51bGx9LCJ0ZndfZXhwZXJpbWVudHNfY29va2llX2V4cGlyYXRpb24iOnsiYnVja2V0IjoxMjA5NjAwLCJ2ZXJzaW9uIjpudWxsfSwidGZ3X3Nob3dfYmlyZHdhdGNoX3Bpdm90c19lbmFibGVkIjp7ImJ1Y2tldCI6Im9uIiwidmVyc2lvbiI6bnVsbH0sInRmd19kdXBsaWNhdGVfc2NyaWJlc190b19zZXR0aW5ncyI6eyJidWNrZXQiOiJvbiIsInZlcnNpb24iOm51bGx9LCJ0ZndfdXNlX3Byb2ZpbGVfaW1hZ2Vfc2hhcGVfZW5hYmxlZCI6eyJidWNrZXQiOiJvbiIsInZlcnNpb24iOm51bGx9LCJ0ZndfdmlkZW9faGxzX2R5bmFtaWNfbWFuaWZlc3RzXzE1MDgyIjp7ImJ1Y2tldCI6InRydWVfYml0cmF0ZSIsInZlcnNpb24iOm51bGx9LCJ0ZndfbGVnYWN5X3RpbWVsaW5lX3N1bnNldCI6eyJidWNrZXQiOnRydWUsInZlcnNpb24iOm51bGx9LCJ0ZndfdHdlZXRfZWRpdF9mcm9udGVuZCI6eyJidWNrZXQiOiJvbiIsInZlcnNpb24iOm51bGx9fQ%3D%3D&amp;frame=false&amp;hideCard=false&amp;hideThread=false&amp;id=1954296194164982083&amp;lang=en&amp;origin=https%3A%2F%2Fwww.diariopopular.com.ar%2Fpolitica%2Funiversidades-docentes-y-no-docentes-inician-hoy-un-paro-recomposicion-salarial-n856566&amp;sessionId=099ef768c1782a88d3273127a83ca5c9b4fca599&amp;siteScreenName=diariopopular&amp;theme=light&amp;widgetsVersion=2615f7e52b7e0%3A1702314776716&amp;width=550px\" frameborder=\"0\" scrolling=\"no\" allowfullscreen=\"allowfullscreen\" data-tweet-id=\"1954296194164982083\" data-gtm-yt-inspected-15=\"true\" data-mce-fragment=\"1\"><\/iframe><\/div>\n<\/div>\n<\/div>\n<div id=\"embed5161_epigrafe\" class=\"embed_epigrafe\"><\/div>\n<div id=\"embed5161_copyright\" class=\"embed_copyright\"><\/div>\n<\/div>\n<p class=\"\" data-mrf-recirculation=\"Links inline\">Desde la mirada sindical, son incrementos que son muy inferiores a la inflaci\u00f3n y lejos est\u00e1 recomponer la p\u00e9rdida salarial de 2024.<\/p>\n<p class=\"\" data-mrf-recirculation=\"Links inline\">La expectativa sindical est\u00e1 puesta principalmente en que buena parte de los reclamos se destraben cuando el\u00a0<strong>Senado\u00a0<\/strong>apruebe la\u00a0<strong>Ley de Financiamiento Universitario<\/strong>, ya que permitir\u00eda reforzar los fondos para salarios, infraestructura y programas de investigaci\u00f3n, ajustados a la variaci\u00f3n de inflaci\u00f3n desde la asunci\u00f3n del mandato de La Libertad Avanza.<\/p>\n<p class=\"\" data-mrf-recirculation=\"Links inline\">Para que aquella mejora se implemente,\u00a0<strong>la C\u00e1mara alta deber\u00e1 aprobar el texto\u00a0<\/strong>y luego, ante el previsible veto del presidente Milei, los legisladores de la oposici\u00f3n tendr\u00e1n que conseguir una mayor\u00eda agravada de dos tercios en ambos cuerpos del Congreso, si lo que se busca es ratificar la ley.<\/p>\n<\/div>\n<\/article>\n","protected":false},"excerpt":{"rendered":"<p>Los sindicatos docentes y no docentes comenzaron un paro universitario\u00a0en reclamo de aumento salarial e incremento de las partidas presupuestarias,<\/p>\n","protected":false},"author":1,"featured_media":25619,"comment_status":"closed","ping_status":"closed","sticky":false,"template":"","format":"standard","meta":{"footnotes":"","jetpack_publicize_message":"","jetpack_publicize_feature_enabled":true,"jetpack_social_post_already_shared":true,"jetpack_social_options":{"image_generator_settings":{"template":"highway","enabled":false},"version":2}},"categories":[4],"tags":[],"class_list":["post-25618","post","type-post","status-publish","format-standard","has-post-thumbnail","hentry","category-nacionales"],"jetpack_publicize_connections":[],"_links":{"self":[{"href":"https:\/\/diariorepublica.com.ar\/web\/index.php\/wp-json\/wp\/v2\/posts\/25618"}],"collection":[{"href":"https:\/\/diariorepublica.com.ar\/web\/index.php\/wp-json\/wp\/v2\/posts"}],"about":[{"href":"https:\/\/diariorepublica.com.ar\/web\/index.php\/wp-json\/wp\/v2\/types\/post"}],"author":[{"embeddable":true,"href":"https:\/\/diariorepublica.com.ar\/web\/index.php\/wp-json\/wp\/v2\/users\/1"}],"replies":[{"embeddable":true,"href":"https:\/\/diariorepublica.com.ar\/web\/index.php\/wp-json\/wp\/v2\/comments?post=25618"}],"version-history":[{"count":1,"href":"https:\/\/diariorepublica.com.ar\/web\/index.php\/wp-json\/wp\/v2\/posts\/25618\/revisions"}],"predecessor-version":[{"id":25620,"href":"https:\/\/diariorepublica.com.ar\/web\/index.php\/wp-json\/wp\/v2\/posts\/25618\/revisions\/25620"}],"wp:featuredmedia":[{"embeddable":true,"href":"https:\/\/diariorepublica.com.ar\/web\/index.php\/wp-json\/wp\/v2\/media\/25619"}],"wp:attachment":[{"href":"https:\/\/diariorepublica.com.ar\/web\/index.php\/wp-json\/wp\/v2\/media?parent=25618"}],"wp:term":[{"taxonomy":"category","embeddable":true,"href":"https:\/\/diariorepublica.com.ar\/web\/index.php\/wp-json\/wp\/v2\/categories?post=25618"},{"taxonomy":"post_tag","embeddable":true,"href":"https:\/\/diariorepublica.com.ar\/web\/index.php\/wp-json\/wp\/v2\/tags?post=25618"}],"curies":[{"name":"wp","href":"https:\/\/api.w.org\/{rel}","templated":true}]}}