{"id":25675,"date":"2025-08-13T08:08:56","date_gmt":"2025-08-13T11:08:56","guid":{"rendered":"https:\/\/diariorepublica.com.ar\/web\/?p=25675"},"modified":"2025-08-13T08:08:58","modified_gmt":"2025-08-13T11:08:58","slug":"jubilados-y-pensionados-anses-anuncio-un-cambio-en-el-calendario-de-pagos","status":"publish","type":"post","link":"https:\/\/diariorepublica.com.ar\/web\/index.php\/economia\/2025\/08\/13\/jubilados-y-pensionados-anses-anuncio-un-cambio-en-el-calendario-de-pagos\/","title":{"rendered":"\u00a0Jubilados y pensionados:\u00a0ANSES anunci\u00f3 un cambio en el calendario de pagos"},"content":{"rendered":"<p class=\"article-body__paragraph\">La Administraci\u00f3n Nacional de la Seguridad Social(ANSES)\u00a0brind\u00f3\u00a0<b>una informaci\u00f3n valiosa para las personas\u00a0<\/b>que cobran en agosto, ya que el cronograma estipulado se ve afectado.<\/p>\n<p class=\"article-body__paragraph\">Si bien el feriado nacional del 17 de agosto este a\u00f1o cae domingo y, es uno de los inamovibles, el Gobierno nacional decret\u00f3 d\u00eda no laborable al viernes 15 con fines tur\u00edsticos.<\/p>\n<p class=\"article-body__paragraph\">Tal denominaci\u00f3n le da al empleador el poder de decisi\u00f3n sobre trabajar o no, por lo que muchas personas ir\u00e1n igual a cumplir con sus labores diarias, pero, los empleados del estado gozar\u00e1n de tres d\u00edas libres de horarios y tareas, raz\u00f3n por la cual, este viernes la Administraci\u00f3n Nacional de la Seguridad Social (ANSES) no pagar\u00e1 haberes ni beneficios sociales.<\/p>\n<p class=\"article-body__paragraph\">De esta manera, un grupo de personas deber\u00e1 esperar al lunes 18 para poder ver depositado en su cuenta el monto a cobrar con el 1,62% de aumento\u00a0 y el bono de $ 70.000<\/p>\n<p class=\"article-body__heading-h2\"><strong>El calendario completo de pagos de ANSES<\/strong><\/p>\n<p class=\"article-body__paragraph\"><b>Jubilaciones y pensiones que no superen los haberes m\u00ednimos<\/b><\/p>\n<ul class=\"article-body__list-ul\">\n<li class=\"article-body__list-item\"><span class=\"article-body__list-span\">DNI terminados en 6: 18 de agosto.<\/span><\/li>\n<li class=\"article-body__list-item\"><span class=\"article-body__list-span\">DNI terminados en 7: 19 de agosto.<\/span><\/li>\n<li class=\"article-body__list-item\"><span class=\"article-body__list-span\">DNI terminados en 8: 20 de agosto.<\/span><\/li>\n<li class=\"article-body__list-item\"><span class=\"article-body__list-span\">DNI terminados en 9: 21 de agosto.<\/span><\/li>\n<\/ul>\n<p class=\"article-body__paragraph\"><b>Calendarios de pago de la Asignaci\u00f3n Universal por Hijo<\/b><\/p>\n<ul class=\"article-body__list-ul\">\n<li class=\"article-body__list-item\"><span class=\"article-body__list-span\">DNI terminados en 5: 18 de agosto.<\/span><\/li>\n<li class=\"article-body__list-item\"><span class=\"article-body__list-span\">DNI terminados en 6: 19 de agosto.<\/span><\/li>\n<li class=\"article-body__list-item\"><span class=\"article-body__list-span\">DNI terminados en 7: 20 de agosto.<\/span><\/li>\n<li class=\"article-body__list-item\"><span class=\"article-body__list-span\">DNI terminados en 8: 21 de agosto.<\/span><\/li>\n<li class=\"article-body__list-item\"><span class=\"article-body__list-span\">DNI terminados en 9: 22 de agosto.<\/span><\/li>\n<\/ul>\n<p class=\"article-body__paragraph\"><b>Asignaci\u00f3n Familiar por Hijo para Trabajadores registrados<\/b><\/p>\n<ul class=\"article-body__list-ul\">\n<li class=\"article-body__list-item\"><span class=\"article-body__list-span\">DNI terminados en 5: 18 de agosto.<\/span><\/li>\n<li class=\"article-body__list-item\"><span class=\"article-body__list-span\">DNI terminados en 6: 19 de agosto.<\/span><\/li>\n<li class=\"article-body__list-item\"><span class=\"article-body__list-span\">DNI terminados en 7: 20 de agosto.<\/span><\/li>\n<li class=\"article-body__list-item\"><span class=\"article-body__list-span\">DNI terminados en 8: 21 de agosto.<\/span><\/li>\n<li class=\"article-body__list-item\"><span class=\"article-body__list-span\">DNI terminados en 9: 22 de agosto.<\/span><\/li>\n<\/ul>\n<p class=\"article-body__paragraph\"><b>Calendario de pago Asignaci\u00f3n por Embarazo<\/b><\/p>\n<ul class=\"article-body__list-ul\">\n<li class=\"article-body__list-item\"><span class=\"article-body__list-span\">DNI terminados en 4: 18 de agosto.<\/span><\/li>\n<li class=\"article-body__list-item\"><span class=\"article-body__list-span\">DNI terminados en 5: 19 de agosto.<\/span><\/li>\n<li class=\"article-body__list-item\"><span class=\"article-body__list-span\">DNI terminados en 6: 20 de agosto.<\/span><\/li>\n<li class=\"article-body__list-item\"><span class=\"article-body__list-span\">DNI terminados en 7: 21 de agosto.<\/span><\/li>\n<li class=\"article-body__list-item\"><span class=\"article-body__list-span\">DNI terminados en 8: 22 de agosto.<\/span><\/li>\n<li class=\"article-body__list-item\"><span class=\"article-body__list-span\">DNI terminados en 9: 25 de agosto.<\/span><\/li>\n<\/ul>\n<p class=\"article-body__paragraph\"><b>Calendario de pago Asignaci\u00f3n por Prenatal<\/b><\/p>\n<ul class=\"article-body__list-ul\">\n<li class=\"article-body__list-item\"><span class=\"article-body__list-span\">DNI terminados en 8 y 9: 18 de agosto.<\/span><\/li>\n<\/ul>\n<p class=\"article-body__paragraph\"><b>Calendario de pago Asignaci\u00f3n por Matrimonio, Adopci\u00f3n y Nacimiento<\/b><\/p>\n<ul class=\"article-body__list-ul\">\n<li class=\"article-body__list-item\"><span class=\"article-body__list-span\">Todos: 22 de agosto.<\/span><\/li>\n<\/ul>\n<p class=\"article-body__paragraph\"><b>Calendario de pago Prestaci\u00f3n por Desempleo<\/b><\/p>\n<ul class=\"article-body__list-ul\">\n<li class=\"article-body__list-item\"><span class=\"article-body__list-span\">DNI terminados en 0 y 1: 22 de agosto.<\/span><\/li>\n<li class=\"article-body__list-item\"><span class=\"article-body__list-span\">DNI terminados en 2 y 3: 25 de agosto.<\/span><\/li>\n<li class=\"article-body__list-item\"><span class=\"article-body__list-span\">DNI terminados en 4 y 5: 26 de agosto.<\/span><\/li>\n<li class=\"article-body__list-item\"><span class=\"article-body__list-span\">DNI terminados en 6 y 7: 27 de agosto.<\/span><\/li>\n<li class=\"article-body__list-item\"><span class=\"article-body__list-span\">DNI terminados en 8 y 9: 28 de agosto.<\/span><\/li>\n<\/ul>\n<p class=\"article-body__paragraph\"><b>Jubilaciones y pensiones que superen un haber m\u00ednimo<\/b><\/p>\n<ul class=\"article-body__list-ul\">\n<li class=\"article-body__list-item\"><span class=\"article-body__list-span\">DNI terminados en 0 y 1: 22 de agosto.<\/span><\/li>\n<li class=\"article-body__list-item\"><span class=\"article-body__list-span\">DNI terminados en 2 y 3: 25 de agosto.<\/span><\/li>\n<li class=\"article-body__list-item\"><span class=\"article-body__list-span\">DNI terminados en 4 y 5: 26 de agosto.<\/span><\/li>\n<li class=\"article-body__list-item\"><span class=\"article-body__list-span\">DNI terminados en 6 y 7: 27 de agosto.<\/span><\/li>\n<li class=\"article-body__list-item\"><span class=\"article-body__list-span\">DNI terminados en 8 y 9: 28 de agosto.<\/span><\/li>\n<\/ul>\n<p class=\"article-body__paragraph\">Vale recordar que las pensiones no contributivas comenzaron a percibir sus montos el pasado 8 de agosto y culminar\u00e1n este jueves. Hoy cobraron cuyos DNI finalizan con 4 y 5.<\/p>\n<ul class=\"article-body__list-ul\">\n<li class=\"article-body__list-item\"><span class=\"article-body__list-span\">DNI terminados en 6 y 7: 13 de agosto.<\/span><\/li>\n<li class=\"article-body__list-item\"><span class=\"article-body__list-span\">DNI terminados en 8 y 9: 14 de agosto.<\/span><\/li>\n<\/ul>\n","protected":false},"excerpt":{"rendered":"<p>La Administraci\u00f3n Nacional de la Seguridad Social(ANSES)\u00a0brind\u00f3\u00a0una informaci\u00f3n valiosa para las personas\u00a0que cobran en agosto, ya que el cronograma estipulado<\/p>\n","protected":false},"author":1,"featured_media":25676,"comment_status":"closed","ping_status":"closed","sticky":false,"template":"","format":"standard","meta":{"footnotes":"","jetpack_publicize_message":"","jetpack_publicize_feature_enabled":true,"jetpack_social_post_already_shared":true,"jetpack_social_options":{"image_generator_settings":{"template":"highway","enabled":false},"version":2}},"categories":[5],"tags":[],"class_list":["post-25675","post","type-post","status-publish","format-standard","has-post-thumbnail","hentry","category-economia"],"jetpack_publicize_connections":[],"_links":{"self":[{"href":"https:\/\/diariorepublica.com.ar\/web\/index.php\/wp-json\/wp\/v2\/posts\/25675"}],"collection":[{"href":"https:\/\/diariorepublica.com.ar\/web\/index.php\/wp-json\/wp\/v2\/posts"}],"about":[{"href":"https:\/\/diariorepublica.com.ar\/web\/index.php\/wp-json\/wp\/v2\/types\/post"}],"author":[{"embeddable":true,"href":"https:\/\/diariorepublica.com.ar\/web\/index.php\/wp-json\/wp\/v2\/users\/1"}],"replies":[{"embeddable":true,"href":"https:\/\/diariorepublica.com.ar\/web\/index.php\/wp-json\/wp\/v2\/comments?post=25675"}],"version-history":[{"count":1,"href":"https:\/\/diariorepublica.com.ar\/web\/index.php\/wp-json\/wp\/v2\/posts\/25675\/revisions"}],"predecessor-version":[{"id":25677,"href":"https:\/\/diariorepublica.com.ar\/web\/index.php\/wp-json\/wp\/v2\/posts\/25675\/revisions\/25677"}],"wp:featuredmedia":[{"embeddable":true,"href":"https:\/\/diariorepublica.com.ar\/web\/index.php\/wp-json\/wp\/v2\/media\/25676"}],"wp:attachment":[{"href":"https:\/\/diariorepublica.com.ar\/web\/index.php\/wp-json\/wp\/v2\/media?parent=25675"}],"wp:term":[{"taxonomy":"category","embeddable":true,"href":"https:\/\/diariorepublica.com.ar\/web\/index.php\/wp-json\/wp\/v2\/categories?post=25675"},{"taxonomy":"post_tag","embeddable":true,"href":"https:\/\/diariorepublica.com.ar\/web\/index.php\/wp-json\/wp\/v2\/tags?post=25675"}],"curies":[{"name":"wp","href":"https:\/\/api.w.org\/{rel}","templated":true}]}}