{"id":25690,"date":"2025-08-13T11:31:53","date_gmt":"2025-08-13T14:31:53","guid":{"rendered":"https:\/\/diariorepublica.com.ar\/web\/?p=25690"},"modified":"2025-08-13T11:31:56","modified_gmt":"2025-08-13T14:31:56","slug":"german-cano-y-su-violin-le-ponen-alegria-al-quinto-episodio-de-la-nueva-temporada-de-nuestras-voces","status":"publish","type":"post","link":"https:\/\/diariorepublica.com.ar\/web\/index.php\/locales\/2025\/08\/13\/german-cano-y-su-violin-le-ponen-alegria-al-quinto-episodio-de-la-nueva-temporada-de-nuestras-voces\/","title":{"rendered":"Germ\u00e1n Cano y su viol\u00edn le ponen alegr\u00eda al quinto episodio de la nueva temporada de \u00abNuestras Voces\u00bb"},"content":{"rendered":"<p>El ciclo audiovisual \u00abNuestras Voces\u00bb, organizado desde la Vicegobernaci\u00f3n que conduce Rub\u00e9n Dusso, contin\u00faa su quinta temporada presentando m\u00fasica catamarque\u00f1a en vivo desde la Biblioteca del Senado.<\/p>\n<p>La nueva entrega 2025 de Nuestras Voces, que se presentar\u00e1 este mi\u00e9rcoles 13 de agosto a las 20 horas en la fanpage de Facebook de Senado, llega con la presentaci\u00f3n de Germ\u00e1n Cano, el artista que llegado desde su Santa Mar\u00eda natal le pone la dulzura y fuerza de su viol\u00edn a un popurr\u00ed de danzas de nuestro folklore.<\/p>\n<p>El ciclo audiovisual de m\u00fasica emitido desde la Biblioteca del Senado hace un recorrido por la cultura catamarque\u00f1a de la mano de artistas e int\u00e9rpretes que ponen de relieve la significancia que para cada uno tiene la historia y letra de la obra que elige para su presentaci\u00f3n, ya sea desde el canto, la copla, el recitado o la m\u00fasica urbana.<\/p>\n<p>El proyecto producido \u00edntegramente por el equipo de Vicegobernaci\u00f3n, cuenta con representantes pertenecientes a los departamentos de la provincia, proponiendo al p\u00fablico tender un puente entre el arte y su significado, como una unidad de sentido que permite a sonido de la voz permite al sonido de la voz o el instrumento, transportar nada m\u00e1s y nada menos que las huellas de la cultura en un momento tan especial de la historia como el actual.<\/p>\n<p>Los episodios de Nuestras Voces, en el siguiente link:\u00a0<a href=\"https:\/\/youtube.com\/@senadodecatamarca7074\" target=\"_blank\" rel=\"noopener\" data-saferedirecturl=\"https:\/\/www.google.com\/url?q=https:\/\/youtube.com\/@senadodecatamarca7074&amp;source=gmail&amp;ust=1755176843916000&amp;usg=AOvVaw2MJQWlHMDhzBsOCIbWqypf\">https:\/\/youtube.com\/@<wbr \/>senadodecatamarca7074<\/a><\/p>\n","protected":false},"excerpt":{"rendered":"<p>El ciclo audiovisual \u00abNuestras Voces\u00bb, organizado desde la Vicegobernaci\u00f3n que conduce Rub\u00e9n Dusso, contin\u00faa su quinta temporada presentando m\u00fasica catamarque\u00f1a<\/p>\n","protected":false},"author":1,"featured_media":25691,"comment_status":"closed","ping_status":"closed","sticky":false,"template":"","format":"standard","meta":{"footnotes":"","jetpack_publicize_message":"","jetpack_publicize_feature_enabled":true,"jetpack_social_post_already_shared":true,"jetpack_social_options":{"image_generator_settings":{"template":"highway","enabled":false},"version":2}},"categories":[2],"tags":[],"class_list":["post-25690","post","type-post","status-publish","format-standard","has-post-thumbnail","hentry","category-locales"],"jetpack_publicize_connections":[],"_links":{"self":[{"href":"https:\/\/diariorepublica.com.ar\/web\/index.php\/wp-json\/wp\/v2\/posts\/25690"}],"collection":[{"href":"https:\/\/diariorepublica.com.ar\/web\/index.php\/wp-json\/wp\/v2\/posts"}],"about":[{"href":"https:\/\/diariorepublica.com.ar\/web\/index.php\/wp-json\/wp\/v2\/types\/post"}],"author":[{"embeddable":true,"href":"https:\/\/diariorepublica.com.ar\/web\/index.php\/wp-json\/wp\/v2\/users\/1"}],"replies":[{"embeddable":true,"href":"https:\/\/diariorepublica.com.ar\/web\/index.php\/wp-json\/wp\/v2\/comments?post=25690"}],"version-history":[{"count":1,"href":"https:\/\/diariorepublica.com.ar\/web\/index.php\/wp-json\/wp\/v2\/posts\/25690\/revisions"}],"predecessor-version":[{"id":25692,"href":"https:\/\/diariorepublica.com.ar\/web\/index.php\/wp-json\/wp\/v2\/posts\/25690\/revisions\/25692"}],"wp:featuredmedia":[{"embeddable":true,"href":"https:\/\/diariorepublica.com.ar\/web\/index.php\/wp-json\/wp\/v2\/media\/25691"}],"wp:attachment":[{"href":"https:\/\/diariorepublica.com.ar\/web\/index.php\/wp-json\/wp\/v2\/media?parent=25690"}],"wp:term":[{"taxonomy":"category","embeddable":true,"href":"https:\/\/diariorepublica.com.ar\/web\/index.php\/wp-json\/wp\/v2\/categories?post=25690"},{"taxonomy":"post_tag","embeddable":true,"href":"https:\/\/diariorepublica.com.ar\/web\/index.php\/wp-json\/wp\/v2\/tags?post=25690"}],"curies":[{"name":"wp","href":"https:\/\/api.w.org\/{rel}","templated":true}]}}