{"id":25717,"date":"2025-08-14T00:04:00","date_gmt":"2025-08-14T03:04:00","guid":{"rendered":"https:\/\/diariorepublica.com.ar\/web\/?p=25717"},"modified":"2025-08-14T07:45:59","modified_gmt":"2025-08-14T10:45:59","slug":"segun-el-indec-la-inflacion-de-julio-fue-del-19","status":"publish","type":"post","link":"https:\/\/diariorepublica.com.ar\/web\/index.php\/economia\/2025\/08\/14\/segun-el-indec-la-inflacion-de-julio-fue-del-19\/","title":{"rendered":"Seg\u00fan el INDEC, la inflaci\u00f3n de julio fue del 1,9%"},"content":{"rendered":"<article class=\"article-body article-body--first-paragraph content-protected-false\" data-td-script-src=\"https:\/\/www.ambito.com\/td\/modulos\/encuestas\/js\/function-embeds-min-version-1755144469.js\">La\u00a0<strong>inflaci\u00f3n\u00a0<\/strong>de\u00a0<strong>julio\u00a0<\/strong>aceler\u00f3 con respecto al mes previo y se ubic\u00f3 levemente por encima de las proyecciones del mercado al marcar 1,9%.\u00a0<strong>Si bien la suba estuvo fuertemente impulsada por las vacaciones de inverno, la inflaci\u00f3n n\u00facleo se ubic\u00f3 por debajo del 2%<\/strong>. De esta forma,<strong>\u00a0el IPC<\/strong>\u00a0<strong>acumula en lo que va del a\u00f1o un 17,3%, mientras que a nivel interanual qued\u00f3 en el 36,6%<\/strong>, seg\u00fan inform\u00f3 el<strong>\u00a0INDEC.<\/strong><\/p>\n<\/article>\n<article class=\"article-body article-body--second-paragraph content-protected-false\">As\u00ed,<strong>\u00a0la inflaci\u00f3n nacional se ubic\u00f3 por debajo de la medici\u00f3n de CABA que fue del 2,5%<\/strong>\u00a0el mes pasado, pero que, paralelamente, compartieron la tendencia a la baja de la \u00abcore\u00bb. Cabe remarcar adem\u00e1s que, seg\u00fan el REM que publica el Banco Central, la suba general de precios iba a estar en el orden del 1,8%.\u00a0<strong>De esta forma la inflaci\u00f3n aceler\u00f3 por segundo mes consecutivo, pero manteni\u00e9ndose por debajo del 2%.<\/strong><\/p>\n<article class=\"article-body article-body--third-paragraph content-protected-false\">La divisi\u00f3n de mayor aumento en el mes fue<strong>\u00a0recreaci\u00f3n y cultura<\/strong>\u00a0(+4,8%), debido a las\u00a0<strong>vacaciones de invierno<\/strong>, seguida de\u00a0<strong>transporte\u00a0<\/strong>(+2,8%), por subas en el boleto de transporte p\u00fablico. La divisi\u00f3n con mayor incidencia fue alimentos y bebidas que avanz\u00f3 1,9% por aumentos en\u00a0<strong>verduras, tub\u00e9rculos y legumbres, carnes y derivados y pan y cereales<\/strong>\u00a0en las regiones GBA, Pampeana, Noreste, Noroeste y Cuyo. En cambio, en Patagonia la mayor incidencia se registr\u00f3 en transporte.<\/p>\n<\/article>\n<article class=\"article-body article-body--fourth-paragraph content-protected-false\">Las dos divisiones con las menores variaciones de julio fueron\u00a0<strong>bebidas alcoh\u00f3licas y tabaco<\/strong>\u00a0(+0,6%) e\u00a0<strong>indumentaria\u00a0<\/strong>(-0,9%). A nivel de las categor\u00edas, los precios\u00a0<strong>estacionales\u00a0<\/strong>(+4,1%) lideraron el incremento, seguidos de regulados (+2,3%) e\u00a0<strong>IPC n\u00facleo<\/strong>\u00a0(+1,5%), la medici\u00f3n m\u00e1s baja de enero de 2018. Adem\u00e1s,\u00a0<strong>la media m\u00f3vil de 3 meses de la inflaci\u00f3n general se ubic\u00f3 por debajo de 1,7% y fue la m\u00e1s baja desde noviembre de 2017.<\/strong><\/p>\n<\/article>\n<\/article>\n","protected":false},"excerpt":{"rendered":"<p>La\u00a0inflaci\u00f3n\u00a0de\u00a0julio\u00a0aceler\u00f3 con respecto al mes previo y se ubic\u00f3 levemente por encima de las proyecciones del mercado al marcar 1,9%.\u00a0Si<\/p>\n","protected":false},"author":1,"featured_media":25718,"comment_status":"closed","ping_status":"closed","sticky":false,"template":"","format":"standard","meta":{"footnotes":"","jetpack_publicize_message":"","jetpack_publicize_feature_enabled":true,"jetpack_social_post_already_shared":true,"jetpack_social_options":{"image_generator_settings":{"template":"highway","enabled":false},"version":2}},"categories":[5],"tags":[],"class_list":["post-25717","post","type-post","status-publish","format-standard","has-post-thumbnail","hentry","category-economia"],"jetpack_publicize_connections":[],"_links":{"self":[{"href":"https:\/\/diariorepublica.com.ar\/web\/index.php\/wp-json\/wp\/v2\/posts\/25717"}],"collection":[{"href":"https:\/\/diariorepublica.com.ar\/web\/index.php\/wp-json\/wp\/v2\/posts"}],"about":[{"href":"https:\/\/diariorepublica.com.ar\/web\/index.php\/wp-json\/wp\/v2\/types\/post"}],"author":[{"embeddable":true,"href":"https:\/\/diariorepublica.com.ar\/web\/index.php\/wp-json\/wp\/v2\/users\/1"}],"replies":[{"embeddable":true,"href":"https:\/\/diariorepublica.com.ar\/web\/index.php\/wp-json\/wp\/v2\/comments?post=25717"}],"version-history":[{"count":1,"href":"https:\/\/diariorepublica.com.ar\/web\/index.php\/wp-json\/wp\/v2\/posts\/25717\/revisions"}],"predecessor-version":[{"id":25719,"href":"https:\/\/diariorepublica.com.ar\/web\/index.php\/wp-json\/wp\/v2\/posts\/25717\/revisions\/25719"}],"wp:featuredmedia":[{"embeddable":true,"href":"https:\/\/diariorepublica.com.ar\/web\/index.php\/wp-json\/wp\/v2\/media\/25718"}],"wp:attachment":[{"href":"https:\/\/diariorepublica.com.ar\/web\/index.php\/wp-json\/wp\/v2\/media?parent=25717"}],"wp:term":[{"taxonomy":"category","embeddable":true,"href":"https:\/\/diariorepublica.com.ar\/web\/index.php\/wp-json\/wp\/v2\/categories?post=25717"},{"taxonomy":"post_tag","embeddable":true,"href":"https:\/\/diariorepublica.com.ar\/web\/index.php\/wp-json\/wp\/v2\/tags?post=25717"}],"curies":[{"name":"wp","href":"https:\/\/api.w.org\/{rel}","templated":true}]}}