{"id":2575,"date":"2023-05-09T04:54:00","date_gmt":"2023-05-09T07:54:00","guid":{"rendered":"https:\/\/diariorepublica.com.ar\/web\/?p=2575"},"modified":"2023-05-09T07:54:55","modified_gmt":"2023-05-09T10:54:55","slug":"palavecino-rompio-el-silencio-estoy-arrepentido-de-lo-que-hice","status":"publish","type":"post","link":"https:\/\/diariorepublica.com.ar\/web\/index.php\/deportes\/2023\/05\/09\/palavecino-rompio-el-silencio-estoy-arrepentido-de-lo-que-hice\/","title":{"rendered":"Palavecino rompi\u00f3 el silencio: \u00abEstoy arrepentido de lo que hice\u00bb"},"content":{"rendered":"<p>El volante de River Plate\u00a0<strong>Agust\u00edn Palavecino<\/strong>, quien fue expulsado en la victoria de su equipo por 1-0 en el supercl\u00e1sico ante\u00a0<strong>Boca Juniors<\/strong>\u00a0por su festejo \u00abdesmedido\u00bb luego de la conquista, lo gener\u00f3 una gresca generalizada entre todos los jugadores, rompi\u00f3 el silencio este lunes y dijo sentirse \u00abarrepentido\u00bb.<\/p>\n<p>\u00ab<strong>Estoy contento con la victoria y m\u00e1s en un Supercl\u00e1sico, pero mirando todo lo que pas\u00f3 estoy arrepentido de lo que hice y por lo que se gener\u00f3<\/strong>. No hab\u00eda necesidad pero reci\u00e9n me cay\u00f3 la ficha en el vestuario\u00bb, indic\u00f3 Palavecino en declaraciones a TyC Sports sobre lo que vivi\u00f3 en el triunfo frente a Boca.<\/p>\n<p>\u00ab<strong>Vi lo festejos en el vestuario y ah\u00ed me cay\u00f3 la ficha de lo que hice, porque me perd\u00ed todo por eso y tengo arrepentimiento, pero bueno igual estoy feliz por el equipo, por la gente y por el triunfo<\/strong>\u00ab, agreg\u00f3.<\/p>\n<p>Respecto de las razones de su reacci\u00f3n, Palavecino destac\u00f3: \u00abSe hab\u00eda hablado mucho en la semana, ven\u00edamos de un golpe duro y eran una mezcla de sensaciones, pero m\u00e1s que nada no me supe controlar y no es la imagen que queremos dar en River. Hay un camino marcado y hay que seguir por ah\u00ed, no es un buen ejemplo lo que hice\u00bb, remarc\u00f3.<\/p>\n<p>Sobre lo que dijo Enzo P\u00e9rez y el DT Mart\u00edn Demichelis, cont\u00f3: \u00abHoy lo habl\u00e9 con Enzo a la ma\u00f1ana y me disculp\u00e9, lo mismo que con Mart\u00edn (Demichelis) a quien le dije que estaba arrepentido\u00bb.<\/p>\n","protected":false},"excerpt":{"rendered":"<p>El volante de River Plate\u00a0Agust\u00edn Palavecino, quien fue expulsado en la victoria de su equipo por 1-0 en el supercl\u00e1sico<\/p>\n","protected":false},"author":1,"featured_media":2576,"comment_status":"closed","ping_status":"closed","sticky":false,"template":"","format":"standard","meta":{"footnotes":"","jetpack_publicize_message":"","jetpack_publicize_feature_enabled":true,"jetpack_social_post_already_shared":false,"jetpack_social_options":{"image_generator_settings":{"template":"highway","enabled":false},"version":2}},"categories":[9],"tags":[],"class_list":["post-2575","post","type-post","status-publish","format-standard","has-post-thumbnail","hentry","category-deportes"],"jetpack_publicize_connections":[],"_links":{"self":[{"href":"https:\/\/diariorepublica.com.ar\/web\/index.php\/wp-json\/wp\/v2\/posts\/2575"}],"collection":[{"href":"https:\/\/diariorepublica.com.ar\/web\/index.php\/wp-json\/wp\/v2\/posts"}],"about":[{"href":"https:\/\/diariorepublica.com.ar\/web\/index.php\/wp-json\/wp\/v2\/types\/post"}],"author":[{"embeddable":true,"href":"https:\/\/diariorepublica.com.ar\/web\/index.php\/wp-json\/wp\/v2\/users\/1"}],"replies":[{"embeddable":true,"href":"https:\/\/diariorepublica.com.ar\/web\/index.php\/wp-json\/wp\/v2\/comments?post=2575"}],"version-history":[{"count":1,"href":"https:\/\/diariorepublica.com.ar\/web\/index.php\/wp-json\/wp\/v2\/posts\/2575\/revisions"}],"predecessor-version":[{"id":2577,"href":"https:\/\/diariorepublica.com.ar\/web\/index.php\/wp-json\/wp\/v2\/posts\/2575\/revisions\/2577"}],"wp:featuredmedia":[{"embeddable":true,"href":"https:\/\/diariorepublica.com.ar\/web\/index.php\/wp-json\/wp\/v2\/media\/2576"}],"wp:attachment":[{"href":"https:\/\/diariorepublica.com.ar\/web\/index.php\/wp-json\/wp\/v2\/media?parent=2575"}],"wp:term":[{"taxonomy":"category","embeddable":true,"href":"https:\/\/diariorepublica.com.ar\/web\/index.php\/wp-json\/wp\/v2\/categories?post=2575"},{"taxonomy":"post_tag","embeddable":true,"href":"https:\/\/diariorepublica.com.ar\/web\/index.php\/wp-json\/wp\/v2\/tags?post=2575"}],"curies":[{"name":"wp","href":"https:\/\/api.w.org\/{rel}","templated":true}]}}