{"id":2578,"date":"2023-05-09T07:55:36","date_gmt":"2023-05-09T10:55:36","guid":{"rendered":"https:\/\/diariorepublica.com.ar\/web\/?p=2578"},"modified":"2023-05-09T07:55:37","modified_gmt":"2023-05-09T10:55:37","slug":"los-lideres-del-pro-se-reunieron-para-tratar-de-calmar-la-interna","status":"publish","type":"post","link":"https:\/\/diariorepublica.com.ar\/web\/index.php\/politica\/2023\/05\/09\/los-lideres-del-pro-se-reunieron-para-tratar-de-calmar-la-interna\/","title":{"rendered":"Los l\u00edderes del PRO se reunieron para tratar de calmar la interna"},"content":{"rendered":"<p>Con la presencia del expresidente\u00a0<strong>Mauricio Macri<\/strong>,<strong>\u00a0los principales referentes del PRO se reunieron este lunes para intentar encontrar una salida al sinf\u00edn de internas<\/strong>\u00a0y alg\u00fan mecanismo que permita la unidad de criterios a la hora de definir candidaturas.<\/p>\n<p>Del c\u00f3nclave participaron los dos precandidatos presidenciales del espacio, el jefe de Gobierno porte\u00f1o,\u00a0<strong>Horacio Rodr\u00edguez Larreta<\/strong>, y\u00a0<strong>Patricia Bullrich<\/strong>; la diputada nacional<strong>\u00a0Mar\u00eda Eugenia Vidal<\/strong>; el presidente del PRO,\u00a0<strong>Federico Angelini<\/strong>; los diputados y precandidatos bonaerenses\u00a0<strong>Cristian Ritondo<\/strong>\u00a0y\u00a0<strong>Diego Santilli<\/strong>; y el exsecretario general de la presidencia\u00a0<strong>Fernando de Andreis<\/strong>.<\/p>\n<p>Al t\u00e9rmino del encuentro, que se realiz\u00f3 en el barrio porte\u00f1o de Palermo, Ritondo evit\u00f3 dar detalles y puntualiz\u00f3 en las 5 elecciones provinciales que habr\u00e1 el pr\u00f3ximo fin de semana: \u00ab<strong>Tenemos que concentrados en el domingo y el lanzamiento de C\u00f3rdoba que es importante que Juntos por el Cambio la gane<\/strong>\u00ab.<\/p>\n<p>En esa l\u00ednea, el exministro de Seguridad de la provincia de Buenos Aires (PBA) durante la gesti\u00f3n de Vidal\u00a0<strong>asegur\u00f3 que el PRO llegar\u00e1 \u00abunido\u00bb de cara a las elecciones generales<\/strong>, lo que deja entrever que la discusi\u00f3n por las candidaturas de consenso en la Ciudad y PBA contin\u00faan siendo un tema delicado en el espacio amarillo.<\/p>\n<p>Por su parte, Angelini ratific\u00f3 la definici\u00f3n sobre el PRO que dej\u00f3 Ritondo y, consultado por el ingreso del l\u00edder de Avanza Libertad, Jos\u00e9 Luis Espert, asegur\u00f3 que \u00abconceptualmente\u00bb est\u00e1n de acuerdo, pero advirti\u00f3 que tienen pendiente la charla.<\/p>\n<p>Sobre la presencia de Macri, reci\u00e9n llegado de Miami, el titular del PRO cont\u00f3 que\u00a0<strong>el exmandatario les pidi\u00f3 que trabajen \u00abunidos\u00bb<\/strong>\u00a0y que resalt\u00f3 la posibilidad de la victoria en \u00abalgunas provincias\u00bb.<\/p>\n<p>Si bien el tono de la discusi\u00f3n p\u00fablica en el partido fundado por Macri merm\u00f3, la decisi\u00f3n de Vidal por desistir de la carrera presidencial abri\u00f3 un nuevo panorama de conflicto que se acentu\u00f3 durante el fin de semana con una sugestiva foto con Rodr\u00edguez Larreta, que luego tambi\u00e9n se mostr\u00f3 con el senador Mart\u00edn Lousteau.<\/p>\n<p>La ex gobernadora pretender\u00eda ser la precandidata a jefa de Gobierno de \u00abconsenso\u00bb entre Jorge Macri, apalancado por su primo, y el ministro de Salud Fern\u00e1n Quir\u00f3s, apuntalado -al momento- por el actual mandatario de la Ciudad.<\/p>\n<p>El otro frente de conflicto que tiene abierto el PRO se desarrolla en la PBA. En el ingreso a la reuni\u00f3n de hoy, Bullrich volvi\u00f3 a ratificar a sus tres precandidatos: el ex intendente de San Miguel Joaqu\u00edn de la Torre, el intendente de Capit\u00e1n Sarmiento, Javier Iguacel, y el intendente de Lan\u00fas (en uso de licencia) N\u00e9stor Grindetti.<\/p>\n<p>En las \u00faltimas horas, se sum\u00f3 Ritondo a las filas de Bullrich, que tambi\u00e9n dej\u00f3 en claro en reiteradas oportunidades sus aspiraciones en territorio bonaerense. Por su parte, Rodr\u00edguez Larreta mantiene firme la precandidatura de Santilli.<\/p>\n","protected":false},"excerpt":{"rendered":"<p>Con la presencia del expresidente\u00a0Mauricio Macri,\u00a0los principales referentes del PRO se reunieron este lunes para intentar encontrar una salida al<\/p>\n","protected":false},"author":1,"featured_media":2579,"comment_status":"closed","ping_status":"closed","sticky":false,"template":"","format":"standard","meta":{"footnotes":"","jetpack_publicize_message":"","jetpack_publicize_feature_enabled":true,"jetpack_social_post_already_shared":false,"jetpack_social_options":{"image_generator_settings":{"template":"highway","enabled":false},"version":2}},"categories":[12],"tags":[],"class_list":["post-2578","post","type-post","status-publish","format-standard","has-post-thumbnail","hentry","category-politica"],"jetpack_publicize_connections":[],"_links":{"self":[{"href":"https:\/\/diariorepublica.com.ar\/web\/index.php\/wp-json\/wp\/v2\/posts\/2578"}],"collection":[{"href":"https:\/\/diariorepublica.com.ar\/web\/index.php\/wp-json\/wp\/v2\/posts"}],"about":[{"href":"https:\/\/diariorepublica.com.ar\/web\/index.php\/wp-json\/wp\/v2\/types\/post"}],"author":[{"embeddable":true,"href":"https:\/\/diariorepublica.com.ar\/web\/index.php\/wp-json\/wp\/v2\/users\/1"}],"replies":[{"embeddable":true,"href":"https:\/\/diariorepublica.com.ar\/web\/index.php\/wp-json\/wp\/v2\/comments?post=2578"}],"version-history":[{"count":1,"href":"https:\/\/diariorepublica.com.ar\/web\/index.php\/wp-json\/wp\/v2\/posts\/2578\/revisions"}],"predecessor-version":[{"id":2580,"href":"https:\/\/diariorepublica.com.ar\/web\/index.php\/wp-json\/wp\/v2\/posts\/2578\/revisions\/2580"}],"wp:featuredmedia":[{"embeddable":true,"href":"https:\/\/diariorepublica.com.ar\/web\/index.php\/wp-json\/wp\/v2\/media\/2579"}],"wp:attachment":[{"href":"https:\/\/diariorepublica.com.ar\/web\/index.php\/wp-json\/wp\/v2\/media?parent=2578"}],"wp:term":[{"taxonomy":"category","embeddable":true,"href":"https:\/\/diariorepublica.com.ar\/web\/index.php\/wp-json\/wp\/v2\/categories?post=2578"},{"taxonomy":"post_tag","embeddable":true,"href":"https:\/\/diariorepublica.com.ar\/web\/index.php\/wp-json\/wp\/v2\/tags?post=2578"}],"curies":[{"name":"wp","href":"https:\/\/api.w.org\/{rel}","templated":true}]}}