{"id":2581,"date":"2023-05-09T07:56:40","date_gmt":"2023-05-09T10:56:40","guid":{"rendered":"https:\/\/diariorepublica.com.ar\/web\/?p=2581"},"modified":"2023-05-09T07:56:41","modified_gmt":"2023-05-09T10:56:41","slug":"importante-supermercado-abrira-una-nueva-sucursal-y-brindara-empleo-a-100-personas","status":"publish","type":"post","link":"https:\/\/diariorepublica.com.ar\/web\/index.php\/sociedad\/2023\/05\/09\/importante-supermercado-abrira-una-nueva-sucursal-y-brindara-empleo-a-100-personas\/","title":{"rendered":"Importante supermercado abrir\u00e1 una nueva sucursal y brindar\u00e1 empleo a 100 personas"},"content":{"rendered":"<p>El gobernador Ra\u00fal Jalil, junto al vicegobernador Rub\u00e9n Dusso y el ministro de Industria, Comercio y Empleo, Lisandro \u00c1lvarez, visitaron el supermercado Carrefour donde recibieron el importante anuncio de la apertura de una nueva sucursal Maxi de la empresa, que se instalar\u00e1 en el predio de la cerrada distribuidora Emilio Luque, con la incorporaci\u00f3n de 100 trabajadores y trabajadoras.<\/p>\n<p>Las autoridades fueron recibidas por el director de Asuntos Corporativos, Francisco Zoroza, y por Mauricio Benz\u00e1n, director de Maxi de Carrefour Argentina, quienes les anunciaron que la apertura est\u00e1 prevista para los primero d\u00edas de julio pr\u00f3ximo, cuando ya est\u00e9 a punto el predio que contar\u00e1 con una superficie cubierta de 3.000 metros cuadrados y una zona descubierta de 2.000 metros cuadrados que servir\u00e1 playa de estacionamiento.<\/p>\n<p>La instalaci\u00f3n de la nueva casa de Carrefour implicar\u00e1 una importante inversi\u00f3n que rondar\u00e1 los $1.500 millones de pesos, y ser\u00e1 de formato maxi, que es la opci\u00f3n mayorista destinada a familias y peque\u00f1os comerciantes, con venta de productos de almac\u00e9n, bebidas, perfumer\u00eda y limpieza, productos refrigerados y bazar, entre otros.<\/p>\n<p><strong>Francisco Zoroza<\/strong>\u00a0manifest\u00f3 que \u201cestamos muy contentos de anunciar una nueva inversi\u00f3n en la provincia, es la tercera tienda que abriremos en Catamarca, en esta ocasi\u00f3n en formato Maxi. Va a generar 100 nuevos puestos de trabajo para catamarque\u00f1os y catamarque\u00f1os, los que nos alegre enormemente\u201d. Los 100 nuevos puestos de trabajo se sumar\u00e1n a los 120 que ya tiene en la provincia la empresa. \u201cEn los pr\u00f3ximos 60 d\u00edas vamos a poder arrancar con esa nueva sucursal y seguir ofreciendo los productos catamarque\u00f1os, que es la continuidad de un trabajo que venimos haciendo con el Gobernador y el ministro \u00c1lvarez desde hace a\u00f1os y a lo que seguimos apostando\u201d, complet\u00f3 el referente de la empresa.<\/p>\n<p>Por su parte, el director de Maxi de Carrefour Argentina, Mauricio Benz\u00e1n, valor\u00f3 que \u201cel formato Maxi busca dar una opci\u00f3n a las familias y a los peque\u00f1os comerciantes de llegar a una mejor opci\u00f3n de precios, comprando con cantidad. Tenemos sucursales con este formato en el Gran Buenos Aires, C\u00f3rdoba, Mendoza y Entre R\u00edos, y ahora en Catamarca\u201d.<\/p>\n<p>El gobernador Jalil y el ministro \u00c1lvarez recibieron como gran noticia la expansi\u00f3n de Carrefour en esta provincia y, muy especialmente, el aumento de la planta de trabajadores que producir\u00e1 esta apertura.<\/p>\n<p>En el anuncio los empresarios expresaron que el nuevo plantel de empleados va a contar con j\u00f3venes, para lo cual van a acceder al programa de Empleo Joven Iniciar, gestado por el Ministerio de Industria, Comercio y Empleo y que est\u00e1 incluido en el R\u00e9gimen de Impulso al Empleo Privado que ha sido enviado a la Legislatura para que sea Ley.<\/p>\n<p>El anuncio de la contrataci\u00f3n de 100 empleados por parte de Carrefour, suma a lo anunciado por parte de Novatech hace una semana, con 90 nuevos puestos laborales, cifras que son muy valoradas en \u00e1mbitos del Gobierno Provincial, a partir de que el empleo de calidad para m\u00e1s catamarque\u00f1os y catamarque\u00f1as es uno de los principales objetivos que se impuso la gesti\u00f3n.<\/p>\n","protected":false},"excerpt":{"rendered":"<p>El gobernador Ra\u00fal Jalil, junto al vicegobernador Rub\u00e9n Dusso y el ministro de Industria, Comercio y Empleo, Lisandro \u00c1lvarez, visitaron<\/p>\n","protected":false},"author":1,"featured_media":2582,"comment_status":"closed","ping_status":"closed","sticky":false,"template":"","format":"standard","meta":{"footnotes":"","jetpack_publicize_message":"","jetpack_publicize_feature_enabled":true,"jetpack_social_post_already_shared":false,"jetpack_social_options":{"image_generator_settings":{"template":"highway","enabled":false},"version":2}},"categories":[3],"tags":[],"class_list":["post-2581","post","type-post","status-publish","format-standard","has-post-thumbnail","hentry","category-sociedad"],"jetpack_publicize_connections":[],"_links":{"self":[{"href":"https:\/\/diariorepublica.com.ar\/web\/index.php\/wp-json\/wp\/v2\/posts\/2581"}],"collection":[{"href":"https:\/\/diariorepublica.com.ar\/web\/index.php\/wp-json\/wp\/v2\/posts"}],"about":[{"href":"https:\/\/diariorepublica.com.ar\/web\/index.php\/wp-json\/wp\/v2\/types\/post"}],"author":[{"embeddable":true,"href":"https:\/\/diariorepublica.com.ar\/web\/index.php\/wp-json\/wp\/v2\/users\/1"}],"replies":[{"embeddable":true,"href":"https:\/\/diariorepublica.com.ar\/web\/index.php\/wp-json\/wp\/v2\/comments?post=2581"}],"version-history":[{"count":1,"href":"https:\/\/diariorepublica.com.ar\/web\/index.php\/wp-json\/wp\/v2\/posts\/2581\/revisions"}],"predecessor-version":[{"id":2583,"href":"https:\/\/diariorepublica.com.ar\/web\/index.php\/wp-json\/wp\/v2\/posts\/2581\/revisions\/2583"}],"wp:featuredmedia":[{"embeddable":true,"href":"https:\/\/diariorepublica.com.ar\/web\/index.php\/wp-json\/wp\/v2\/media\/2582"}],"wp:attachment":[{"href":"https:\/\/diariorepublica.com.ar\/web\/index.php\/wp-json\/wp\/v2\/media?parent=2581"}],"wp:term":[{"taxonomy":"category","embeddable":true,"href":"https:\/\/diariorepublica.com.ar\/web\/index.php\/wp-json\/wp\/v2\/categories?post=2581"},{"taxonomy":"post_tag","embeddable":true,"href":"https:\/\/diariorepublica.com.ar\/web\/index.php\/wp-json\/wp\/v2\/tags?post=2581"}],"curies":[{"name":"wp","href":"https:\/\/api.w.org\/{rel}","templated":true}]}}