{"id":25831,"date":"2025-08-20T07:43:01","date_gmt":"2025-08-20T10:43:01","guid":{"rendered":"https:\/\/diariorepublica.com.ar\/web\/?p=25831"},"modified":"2025-08-20T07:43:03","modified_gmt":"2025-08-20T10:43:03","slug":"extienden-el-plazo-para-el-empadronamiento-a-la-tis","status":"publish","type":"post","link":"https:\/\/diariorepublica.com.ar\/web\/index.php\/sociedad\/2025\/08\/20\/extienden-el-plazo-para-el-empadronamiento-a-la-tis\/","title":{"rendered":"Extienden el plazo para el empadronamiento a la TIS"},"content":{"rendered":"<p>El Ministerio de Agua, Energ\u00eda y Medio Ambiente resolvi\u00f3, mediante decreto, prorrogar por 30 d\u00edas corridos el plazo de inscripci\u00f3n a la convocatoria para el empadronamiento de beneficiarios de la Tarifa de Inter\u00e9s Social (TIS). La medida rige a partir del\u00a0lunes 18 de agosto.<\/p>\n<p>En el marco de esta campa\u00f1a, la Secretar\u00eda de Prevenci\u00f3n del Delito y Participaci\u00f3n Comunitaria estableci\u00f3 un cronograma informativo y de inscripci\u00f3n en diferentes barrios de la Capital, con el objetivo de facilitar el acceso a los vecinos:<\/p>\n<p><strong>&#8211; Mi\u00e9rcoles 20\/08<\/strong><\/p>\n<p><a href=\"http:\/\/se.pa.ve\/\" target=\"_blank\" rel=\"noopener\" data-saferedirecturl=\"https:\/\/www.google.com\/url?q=http:\/\/Se.Pa.Ve&amp;source=gmail&amp;ust=1755694699156000&amp;usg=AOvVaw0PkBnxlKlPBzQ4RUOta_AN\">Se.Pa.Ve<\/a>. \u00abJuan Domingo Per\u00f3n\u00bb \u2013 Calles Jorge Luis Borges y Ram\u00f3n Acu\u00f1a, de 16 a 19 horas.<\/p>\n<p><strong>&#8211; Jueves 21\/08<\/strong><\/p>\n<p>Centro Vecinal La Cruz Negra \u2013 Calle Cap. Salas y Francisco Olmos (B\u00b0 La Cruz Negra), de 16 a 19 horas.<\/p>\n<p><strong>&#8211; Viernes 22\/08<\/strong><\/p>\n<p>Centro Vecinal Antinaco &#8211; Calle Aymara N\u00b0 1965 Casi esquina Zupay (B\u00b0 Antinaco), de 16 a 19 horas.<\/p>\n<p>De esta manera, se busca garantizar que todos los vecinos interesados puedan acceder a este beneficio que representa un importante acompa\u00f1amiento econ\u00f3mico en el servicio energ\u00e9tico.<\/p>\n<p>Cabe recordar que el programa TIS cubre el 100% de los primeros 400 kWh bimestrales (200 kWh mensuales) y reduce el 50% del cargo fijo de la factura el\u00e9ctrica. Si el consumo supera los 1000 kWh bimestrales, el subsidio se suspende temporalmente. Esto convierte al tr\u00e1mite en una herramienta clave para garantizar energ\u00eda asequible y asegurar la equidad energ\u00e9tica.<\/p>\n<p>Asimismo, pueden acceder a la Tarifa de Inter\u00e9s Social jubilados, pensionados, personas que perciben beneficios sociales como AUH o Progresar, y quienes viven en hogares familiares con ingresos iguales o inferiores a dos Salarios M\u00ednimos Vitales y M\u00f3viles (SMVM). Las inscripciones se realizan de manera digital a trav\u00e9s del sitio web de EC SAPEM, con DNI y documentaci\u00f3n respaldo.<\/p>\n","protected":false},"excerpt":{"rendered":"<p>El Ministerio de Agua, Energ\u00eda y Medio Ambiente resolvi\u00f3, mediante decreto, prorrogar por 30 d\u00edas corridos el plazo de inscripci\u00f3n<\/p>\n","protected":false},"author":1,"featured_media":25832,"comment_status":"closed","ping_status":"closed","sticky":false,"template":"","format":"standard","meta":{"footnotes":"","jetpack_publicize_message":"","jetpack_publicize_feature_enabled":true,"jetpack_social_post_already_shared":true,"jetpack_social_options":{"image_generator_settings":{"template":"highway","enabled":false},"version":2}},"categories":[3],"tags":[],"class_list":["post-25831","post","type-post","status-publish","format-standard","has-post-thumbnail","hentry","category-sociedad"],"jetpack_publicize_connections":[],"_links":{"self":[{"href":"https:\/\/diariorepublica.com.ar\/web\/index.php\/wp-json\/wp\/v2\/posts\/25831"}],"collection":[{"href":"https:\/\/diariorepublica.com.ar\/web\/index.php\/wp-json\/wp\/v2\/posts"}],"about":[{"href":"https:\/\/diariorepublica.com.ar\/web\/index.php\/wp-json\/wp\/v2\/types\/post"}],"author":[{"embeddable":true,"href":"https:\/\/diariorepublica.com.ar\/web\/index.php\/wp-json\/wp\/v2\/users\/1"}],"replies":[{"embeddable":true,"href":"https:\/\/diariorepublica.com.ar\/web\/index.php\/wp-json\/wp\/v2\/comments?post=25831"}],"version-history":[{"count":1,"href":"https:\/\/diariorepublica.com.ar\/web\/index.php\/wp-json\/wp\/v2\/posts\/25831\/revisions"}],"predecessor-version":[{"id":25833,"href":"https:\/\/diariorepublica.com.ar\/web\/index.php\/wp-json\/wp\/v2\/posts\/25831\/revisions\/25833"}],"wp:featuredmedia":[{"embeddable":true,"href":"https:\/\/diariorepublica.com.ar\/web\/index.php\/wp-json\/wp\/v2\/media\/25832"}],"wp:attachment":[{"href":"https:\/\/diariorepublica.com.ar\/web\/index.php\/wp-json\/wp\/v2\/media?parent=25831"}],"wp:term":[{"taxonomy":"category","embeddable":true,"href":"https:\/\/diariorepublica.com.ar\/web\/index.php\/wp-json\/wp\/v2\/categories?post=25831"},{"taxonomy":"post_tag","embeddable":true,"href":"https:\/\/diariorepublica.com.ar\/web\/index.php\/wp-json\/wp\/v2\/tags?post=25831"}],"curies":[{"name":"wp","href":"https:\/\/api.w.org\/{rel}","templated":true}]}}