{"id":25873,"date":"2025-08-20T16:53:00","date_gmt":"2025-08-20T19:53:00","guid":{"rendered":"https:\/\/diariorepublica.com.ar\/web\/?p=25873"},"modified":"2025-08-20T12:54:00","modified_gmt":"2025-08-20T15:54:00","slug":"se-realizara-el-segundo-encuentro-sobre-el-corredor-bioceanico-ferroviario-por-el-paso-de-san-francisco","status":"publish","type":"post","link":"https:\/\/diariorepublica.com.ar\/web\/index.php\/locales\/2025\/08\/20\/se-realizara-el-segundo-encuentro-sobre-el-corredor-bioceanico-ferroviario-por-el-paso-de-san-francisco\/","title":{"rendered":"Se realizar\u00e1 el segundo encuentro sobre el Corredor Bioce\u00e1nico Ferroviario por el Paso de San Francisco"},"content":{"rendered":"<p>Este jueves 21 de agosto se llevar\u00e1 adelante la segunda jornada del ciclo de capacitaciones sobre el Corredor Ferroviario Bioce\u00e1nico, organizadas desde la Vicegobernaci\u00f3n que conduce Rub\u00e9n Dusso.<\/p>\n<p>El evento se realizar\u00e1 en el horario de 10:00 a 12:00 hs, en el Centro de Ingenieros ubicado en Avda Galindez 523.<\/p>\n<p>El encuentro, titulado \u00abCorredor Ferroviario Bioce\u00e1nico por el Paso Internacional de San Francisco: integraci\u00f3n territorial, soberan\u00eda log\u00edstica y desarrollo sostenible en las Am\u00e9ricas\u00bb, estar\u00e1 dirigido a profesionales vinculados a la tem\u00e1tica y al p\u00fablico en general interesado.<\/p>\n<p>Se trata de la segunda jornada en torno al proyecto Bioce\u00e1nico, donde se abordar\u00e1n los desaf\u00edos t\u00e9cnicos y estrat\u00e9gicos que plantea el Corredor Ferroviario Bioce\u00e1nico en el contexto de la integraci\u00f3n regional.<\/p>\n<p>En dicho marco, las y los expositores Oscar Pablo Quiroga, Gretel Galeano , Anah\u00ed Costa y Adriana Niz compartir\u00e1n perspectivas clave para el ejercicio profesional, contribuyendo al fortalecimiento de capacidades t\u00e9cnicas y al di\u00e1logo interdisciplinario en torno a este proyecto de alcance federal.<\/p>\n","protected":false},"excerpt":{"rendered":"<p>Este jueves 21 de agosto se llevar\u00e1 adelante la segunda jornada del ciclo de capacitaciones sobre el Corredor Ferroviario Bioce\u00e1nico,<\/p>\n","protected":false},"author":1,"featured_media":25874,"comment_status":"closed","ping_status":"closed","sticky":false,"template":"","format":"standard","meta":{"footnotes":"","jetpack_publicize_message":"","jetpack_publicize_feature_enabled":true,"jetpack_social_post_already_shared":true,"jetpack_social_options":{"image_generator_settings":{"template":"highway","enabled":false},"version":2}},"categories":[2],"tags":[],"class_list":["post-25873","post","type-post","status-publish","format-standard","has-post-thumbnail","hentry","category-locales"],"jetpack_publicize_connections":[],"_links":{"self":[{"href":"https:\/\/diariorepublica.com.ar\/web\/index.php\/wp-json\/wp\/v2\/posts\/25873"}],"collection":[{"href":"https:\/\/diariorepublica.com.ar\/web\/index.php\/wp-json\/wp\/v2\/posts"}],"about":[{"href":"https:\/\/diariorepublica.com.ar\/web\/index.php\/wp-json\/wp\/v2\/types\/post"}],"author":[{"embeddable":true,"href":"https:\/\/diariorepublica.com.ar\/web\/index.php\/wp-json\/wp\/v2\/users\/1"}],"replies":[{"embeddable":true,"href":"https:\/\/diariorepublica.com.ar\/web\/index.php\/wp-json\/wp\/v2\/comments?post=25873"}],"version-history":[{"count":1,"href":"https:\/\/diariorepublica.com.ar\/web\/index.php\/wp-json\/wp\/v2\/posts\/25873\/revisions"}],"predecessor-version":[{"id":25875,"href":"https:\/\/diariorepublica.com.ar\/web\/index.php\/wp-json\/wp\/v2\/posts\/25873\/revisions\/25875"}],"wp:featuredmedia":[{"embeddable":true,"href":"https:\/\/diariorepublica.com.ar\/web\/index.php\/wp-json\/wp\/v2\/media\/25874"}],"wp:attachment":[{"href":"https:\/\/diariorepublica.com.ar\/web\/index.php\/wp-json\/wp\/v2\/media?parent=25873"}],"wp:term":[{"taxonomy":"category","embeddable":true,"href":"https:\/\/diariorepublica.com.ar\/web\/index.php\/wp-json\/wp\/v2\/categories?post=25873"},{"taxonomy":"post_tag","embeddable":true,"href":"https:\/\/diariorepublica.com.ar\/web\/index.php\/wp-json\/wp\/v2\/tags?post=25873"}],"curies":[{"name":"wp","href":"https:\/\/api.w.org\/{rel}","templated":true}]}}