{"id":25885,"date":"2025-08-21T06:36:00","date_gmt":"2025-08-21T09:36:00","guid":{"rendered":"https:\/\/diariorepublica.com.ar\/web\/?p=25885"},"modified":"2025-08-21T07:38:00","modified_gmt":"2025-08-21T10:38:00","slug":"independiente-vs-universidad-de-chile-suspendido-tras-enfrentamientos-y-heridos","status":"publish","type":"post","link":"https:\/\/diariorepublica.com.ar\/web\/index.php\/deportes\/2025\/08\/21\/independiente-vs-universidad-de-chile-suspendido-tras-enfrentamientos-y-heridos\/","title":{"rendered":"Independiente vs. Universidad de Chile: suspendido tras enfrentamientos y heridos"},"content":{"rendered":"<article id=\"article-post\" class=\"first\">\n<div class=\"cuerpo\" data-twitter-link=\"https:\/\/twitter.com\/intent\/tweet?url=https:\/\/www.diariopopular.com.ar\/c858078&amp;via=poopulardiario&amp;related=Popular&amp;text=\">\n<p><strong>El duelo entre Independiente y Universidad de Chile\u00a0<\/strong>por el partido de vuelta de los octavos de final de la Copa Sudamericana<strong>\u00a0fue suspendido a los 20 minutos del segundo tiempo por una extrema violencia.<\/strong>\u00a0El encuentro qued\u00f3 manchado por graves incidentes entre las hinchadas con enfrentamientos y heridos en el Libertadores de Am\u00e9rica.<\/p>\n<\/div>\n<\/article>\n<article id=\"article-post\">\n<div class=\"cuerpo\" data-twitter-link=\"https:\/\/twitter.com\/intent\/tweet?url=https:\/\/www.diariopopular.com.ar\/c858078&amp;via=poopulardiario&amp;related=Popular&amp;text=\">\n<p>Ubicados en la Tribuna Pavoni Alta,<strong>\u00a0un grupo de hinchas de Universidad de Chile<\/strong>\u00a0<strong>arrancaron el conflicto: robaron una bandera de los fan\u00e1ticos locales, prendieron fuego y lanzaron butacas, bombas de estruendo y botellas a los simpatizantes del club de Avellaneda<\/strong>, situados en la parte baja.<\/p>\n<p><strong>La voz del estadio orden\u00f3 a los visitantes que se retiren de la tribuna y amenaz\u00f3 con posibles sanciones pero los violentos de la U siguieron con su accionar<\/strong>: violentaron un cuarto en el que se guardan elementos de limpieza y comenzaron a arrojarlos contra los fan\u00e1ticos del Rey de Copas.<\/p>\n<p>Despu\u00e9s,\u00a0<strong>la situaci\u00f3n continu\u00f3\u00a0<\/strong><strong>con corridas de la barra brava del Rey de Copas a los hinchas visitantes despu\u00e9s de lograr acceder a su tribuna:\u00a0<\/strong>los violentos del club local dejaron en boxer a varios visitantes, le dieron trompadas y arrinconaron a uno al punto que decidi\u00f3 tirarse de la tribuna al vac\u00edo&#8230;<\/p>\n<p>Pese a los actos de vandalismo de los de la U y de violencia por ambos lados,\u00a0<strong>la polic\u00eda no intervino para controlar la situaci\u00f3n, ya que la Conmebol orden\u00f3 que no fuera a ese sector<\/strong>, que est\u00e1 protegido solamente por algunos hombres de seguridad privada. Un accionar que dej\u00f3 mucho que desear&#8230;<\/p>\n<p><strong>El partido se suspendi\u00f3 provisoriamente a los 20 minutos del complemento\u00a0<\/strong>y los jugadores fueron al vestuario a la espera de la resoluci\u00f3n que lleg\u00f3 minutos despu\u00e9s\u00a0<strong>y, como se esperaba, el duelo qued\u00f3 suspendido de forma definitiva\u00a0<\/strong>despu\u00e9s de una noche de extrema violencia.<\/p>\n<div id=\"embed32_wrap\" class=\"embed_cont type_freetext\" contenteditable=\"false\">\n<div id=\"embed32_content\" class=\"embed_content\">\n<div id=\"embed32_embed\"><iframe loading=\"lazy\" title=\"YouTube video player\" src=\"https:\/\/www.youtube.com\/embed\/wlQrMDmMoV8?si=USCvbBKTPnhSYsdu\" width=\"560\" height=\"315\" frameborder=\"0\" allowfullscreen=\"allowfullscreen\" data-gtm-yt-inspected-13=\"true\" data-mce-fragment=\"1\"><\/iframe><\/div>\n<\/div>\n<div id=\"embed32_epigrafe\" class=\"embed_epigrafe\">\u00a0<\/div>\n<div id=\"embed32_copyright\" class=\"embed_copyright\">\u00a0<\/div>\n<\/div>\n<div id=\"embed10_wrap\" class=\"embed_cont type_freetext\" contenteditable=\"false\">\n<div id=\"embed10_content\" class=\"embed_content\">\n<div id=\"embed10_embed\">\n<div class=\"twitter-tweet twitter-tweet-rendered\"><iframe id=\"twitter-widget-0\" class=\"\" title=\"X Post\" src=\"https:\/\/platform.twitter.com\/embed\/Tweet.html?creatorScreenName=diariopopular&amp;dnt=false&amp;embedId=twitter-widget-0&amp;features=eyJ0ZndfdGltZWxpbmVfbGlzdCI6eyJidWNrZXQiOltdLCJ2ZXJzaW9uIjpudWxsfSwidGZ3X2ZvbGxvd2VyX2NvdW50X3N1bnNldCI6eyJidWNrZXQiOnRydWUsInZlcnNpb24iOm51bGx9LCJ0ZndfdHdlZXRfZWRpdF9iYWNrZW5kIjp7ImJ1Y2tldCI6Im9uIiwidmVyc2lvbiI6bnVsbH0sInRmd19yZWZzcmNfc2Vzc2lvbiI6eyJidWNrZXQiOiJvbiIsInZlcnNpb24iOm51bGx9LCJ0ZndfZm9zbnJfc29mdF9pbnRlcnZlbnRpb25zX2VuYWJsZWQiOnsiYnVja2V0Ijoib24iLCJ2ZXJzaW9uIjpudWxsfSwidGZ3X21peGVkX21lZGlhXzE1ODk3Ijp7ImJ1Y2tldCI6InRyZWF0bWVudCIsInZlcnNpb24iOm51bGx9LCJ0ZndfZXhwZXJpbWVudHNfY29va2llX2V4cGlyYXRpb24iOnsiYnVja2V0IjoxMjA5NjAwLCJ2ZXJzaW9uIjpudWxsfSwidGZ3X3Nob3dfYmlyZHdhdGNoX3Bpdm90c19lbmFibGVkIjp7ImJ1Y2tldCI6Im9uIiwidmVyc2lvbiI6bnVsbH0sInRmd19kdXBsaWNhdGVfc2NyaWJlc190b19zZXR0aW5ncyI6eyJidWNrZXQiOiJvbiIsInZlcnNpb24iOm51bGx9LCJ0ZndfdXNlX3Byb2ZpbGVfaW1hZ2Vfc2hhcGVfZW5hYmxlZCI6eyJidWNrZXQiOiJvbiIsInZlcnNpb24iOm51bGx9LCJ0ZndfdmlkZW9faGxzX2R5bmFtaWNfbWFuaWZlc3RzXzE1MDgyIjp7ImJ1Y2tldCI6InRydWVfYml0cmF0ZSIsInZlcnNpb24iOm51bGx9LCJ0ZndfbGVnYWN5X3RpbWVsaW5lX3N1bnNldCI6eyJidWNrZXQiOnRydWUsInZlcnNpb24iOm51bGx9LCJ0ZndfdHdlZXRfZWRpdF9mcm9udGVuZCI6eyJidWNrZXQiOiJvbiIsInZlcnNpb24iOm51bGx9fQ%3D%3D&amp;frame=false&amp;hideCard=false&amp;hideThread=false&amp;id=1958364707406143751&amp;lang=en&amp;maxWidth=560px&amp;origin=https%3A%2F%2Fwww.diariopopular.com.ar%2Ffutbol%2Findependiente-vs-universidad-chile-suspendido-enfrentamientos-y-heridos-n858078&amp;sessionId=7705005b668b44c32c5bb9e571d6c07d3de756bd&amp;siteScreenName=diariopopular&amp;theme=light&amp;widgetsVersion=2615f7e52b7e0%3A1702314776716&amp;width=550px\" frameborder=\"0\" scrolling=\"no\" allowfullscreen=\"allowfullscreen\" data-tweet-id=\"1958364707406143751\" data-gtm-yt-inspected-13=\"true\" data-mce-fragment=\"1\"><\/iframe><\/div>\n<\/div>\n<\/div>\n<div id=\"embed10_epigrafe\" class=\"embed_epigrafe\">\u00a0<\/div>\n<div id=\"embed10_copyright\" class=\"embed_copyright\">\u00a0<\/div>\n<\/div>\n<div id=\"embed94_wrap\" class=\"embed_cont type_freetext\" contenteditable=\"false\">\n<div id=\"embed94_content\" class=\"embed_content\">\n<div id=\"embed94_embed\">\n<div class=\"twitter-tweet twitter-tweet-rendered\"><iframe id=\"twitter-widget-1\" class=\"\" title=\"X Post\" src=\"https:\/\/platform.twitter.com\/embed\/Tweet.html?creatorScreenName=diariopopular&amp;dnt=false&amp;embedId=twitter-widget-1&amp;features=eyJ0ZndfdGltZWxpbmVfbGlzdCI6eyJidWNrZXQiOltdLCJ2ZXJzaW9uIjpudWxsfSwidGZ3X2ZvbGxvd2VyX2NvdW50X3N1bnNldCI6eyJidWNrZXQiOnRydWUsInZlcnNpb24iOm51bGx9LCJ0ZndfdHdlZXRfZWRpdF9iYWNrZW5kIjp7ImJ1Y2tldCI6Im9uIiwidmVyc2lvbiI6bnVsbH0sInRmd19yZWZzcmNfc2Vzc2lvbiI6eyJidWNrZXQiOiJvbiIsInZlcnNpb24iOm51bGx9LCJ0ZndfZm9zbnJfc29mdF9pbnRlcnZlbnRpb25zX2VuYWJsZWQiOnsiYnVja2V0Ijoib24iLCJ2ZXJzaW9uIjpudWxsfSwidGZ3X21peGVkX21lZGlhXzE1ODk3Ijp7ImJ1Y2tldCI6InRyZWF0bWVudCIsInZlcnNpb24iOm51bGx9LCJ0ZndfZXhwZXJpbWVudHNfY29va2llX2V4cGlyYXRpb24iOnsiYnVja2V0IjoxMjA5NjAwLCJ2ZXJzaW9uIjpudWxsfSwidGZ3X3Nob3dfYmlyZHdhdGNoX3Bpdm90c19lbmFibGVkIjp7ImJ1Y2tldCI6Im9uIiwidmVyc2lvbiI6bnVsbH0sInRmd19kdXBsaWNhdGVfc2NyaWJlc190b19zZXR0aW5ncyI6eyJidWNrZXQiOiJvbiIsInZlcnNpb24iOm51bGx9LCJ0ZndfdXNlX3Byb2ZpbGVfaW1hZ2Vfc2hhcGVfZW5hYmxlZCI6eyJidWNrZXQiOiJvbiIsInZlcnNpb24iOm51bGx9LCJ0ZndfdmlkZW9faGxzX2R5bmFtaWNfbWFuaWZlc3RzXzE1MDgyIjp7ImJ1Y2tldCI6InRydWVfYml0cmF0ZSIsInZlcnNpb24iOm51bGx9LCJ0ZndfbGVnYWN5X3RpbWVsaW5lX3N1bnNldCI6eyJidWNrZXQiOnRydWUsInZlcnNpb24iOm51bGx9LCJ0ZndfdHdlZXRfZWRpdF9mcm9udGVuZCI6eyJidWNrZXQiOiJvbiIsInZlcnNpb24iOm51bGx9fQ%3D%3D&amp;frame=false&amp;hideCard=false&amp;hideThread=false&amp;id=1958357862805012493&amp;lang=en&amp;maxWidth=560px&amp;origin=https%3A%2F%2Fwww.diariopopular.com.ar%2Ffutbol%2Findependiente-vs-universidad-chile-suspendido-enfrentamientos-y-heridos-n858078&amp;sessionId=7705005b668b44c32c5bb9e571d6c07d3de756bd&amp;siteScreenName=diariopopular&amp;theme=light&amp;widgetsVersion=2615f7e52b7e0%3A1702314776716&amp;width=550px\" frameborder=\"0\" scrolling=\"no\" allowfullscreen=\"allowfullscreen\" data-tweet-id=\"1958357862805012493\" data-gtm-yt-inspected-13=\"true\" data-mce-fragment=\"1\"><\/iframe><\/div>\n<blockquote class=\"twitter-tweet\" data-media-max-width=\"560\" data-twitter-extracted-i1755772338005296756=\"true\">\n<p dir=\"ltr\" lang=\"es\">Perfecto ac\u00e1 lo de la barra de independiente, un par de chilenos menos.\u00a0<a href=\"https:\/\/t.co\/IwIlEPXFcK\" rel=\"nofollow\">pic.twitter.com\/IwIlEPXFcK<\/a><\/p>\n<p>\u2014 Andr\u00e9 Landen (@Andi_landen__)\u00a0<a href=\"https:\/\/twitter.com\/Andi_landen__\/status\/1958357862805012493?ref_src=twsrc%5Etfw\" rel=\"nofollow\">August 21, 2025<\/a><\/p><\/blockquote>\n<\/div>\n<\/div>\n<div id=\"embed94_epigrafe\" class=\"embed_epigrafe\">\u00a0<\/div>\n<div id=\"embed94_copyright\" class=\"embed_copyright\">\u00a0<\/div>\n<\/div>\n<\/div>\n<\/article>\n<p>diariopopular.com.ar<\/p>\n","protected":false},"excerpt":{"rendered":"<p>El duelo entre Independiente y Universidad de Chile\u00a0por el partido de vuelta de los octavos de final de la Copa<\/p>\n","protected":false},"author":1,"featured_media":25886,"comment_status":"closed","ping_status":"closed","sticky":false,"template":"","format":"standard","meta":{"footnotes":"","jetpack_publicize_message":"","jetpack_publicize_feature_enabled":true,"jetpack_social_post_already_shared":true,"jetpack_social_options":{"image_generator_settings":{"template":"highway","enabled":false},"version":2}},"categories":[9],"tags":[],"class_list":["post-25885","post","type-post","status-publish","format-standard","has-post-thumbnail","hentry","category-deportes"],"jetpack_publicize_connections":[],"_links":{"self":[{"href":"https:\/\/diariorepublica.com.ar\/web\/index.php\/wp-json\/wp\/v2\/posts\/25885"}],"collection":[{"href":"https:\/\/diariorepublica.com.ar\/web\/index.php\/wp-json\/wp\/v2\/posts"}],"about":[{"href":"https:\/\/diariorepublica.com.ar\/web\/index.php\/wp-json\/wp\/v2\/types\/post"}],"author":[{"embeddable":true,"href":"https:\/\/diariorepublica.com.ar\/web\/index.php\/wp-json\/wp\/v2\/users\/1"}],"replies":[{"embeddable":true,"href":"https:\/\/diariorepublica.com.ar\/web\/index.php\/wp-json\/wp\/v2\/comments?post=25885"}],"version-history":[{"count":1,"href":"https:\/\/diariorepublica.com.ar\/web\/index.php\/wp-json\/wp\/v2\/posts\/25885\/revisions"}],"predecessor-version":[{"id":25887,"href":"https:\/\/diariorepublica.com.ar\/web\/index.php\/wp-json\/wp\/v2\/posts\/25885\/revisions\/25887"}],"wp:featuredmedia":[{"embeddable":true,"href":"https:\/\/diariorepublica.com.ar\/web\/index.php\/wp-json\/wp\/v2\/media\/25886"}],"wp:attachment":[{"href":"https:\/\/diariorepublica.com.ar\/web\/index.php\/wp-json\/wp\/v2\/media?parent=25885"}],"wp:term":[{"taxonomy":"category","embeddable":true,"href":"https:\/\/diariorepublica.com.ar\/web\/index.php\/wp-json\/wp\/v2\/categories?post=25885"},{"taxonomy":"post_tag","embeddable":true,"href":"https:\/\/diariorepublica.com.ar\/web\/index.php\/wp-json\/wp\/v2\/tags?post=25885"}],"curies":[{"name":"wp","href":"https:\/\/api.w.org\/{rel}","templated":true}]}}