{"id":2589,"date":"2023-05-09T08:57:01","date_gmt":"2023-05-09T11:57:01","guid":{"rendered":"https:\/\/diariorepublica.com.ar\/web\/?p=2589"},"modified":"2023-05-09T08:57:02","modified_gmt":"2023-05-09T11:57:02","slug":"saadi-suma-respaldos","status":"publish","type":"post","link":"https:\/\/diariorepublica.com.ar\/web\/index.php\/politica\/2023\/05\/09\/saadi-suma-respaldos\/","title":{"rendered":"Saadi suma respaldos"},"content":{"rendered":"<p>La posible precandidatura a gobernador del intendente de la Capital, Gustavo Saadi, suma respaldos de diferentes dirigentes del oficialismo provincial. En este sentido, el presidente del Concejo Deliberante de la Capital, Nicol\u00e1s Zavaleta, respald\u00f3 una posible postulaci\u00f3n del jefe comunal y en ese marco pidi\u00f3 que las PASO definan \u201cde gobernador para abajo\u201d para contar con un PJ \u201cm\u00e1s democr\u00e1tico y participativo\u201d.<\/p>\n<p>\u201cA partir de esto que surgi\u00f3 cuando se cerr\u00f3 la lista del partido el s\u00e1bado, nos vimos todos sorprendidos y por ah\u00ed Gustavo reforz\u00f3 un poco lo que ven\u00edamos expresando en cuanto a las diferencias que tiene con la gesti\u00f3n provincial en un mont\u00f3n de temas. As\u00ed como ha destacado muchos aciertos de las pol\u00edticas de Ra\u00fal (Jalil), tambi\u00e9n ha sido muy cr\u00edtico en muchas otras. Entonces me parece que es una decisi\u00f3n que Gustavo tiene que pensarla, sobre todo porque est\u00e1 en juego la Ciudad\u201d, se\u00f1al\u00f3 Zavaleta<\/p>\n<p>Por su parte, la diputada provincial y m\u00e1xima referente del Partido Intransigente en la provincia, Adriana D\u00edaz, indic\u00f3 que el espacio acompa\u00f1ar\u00e1 al intendente capitalino en la decisi\u00f3n que tome, ya sea seguir al frente del Municipio o compitiendo por la Gobernaci\u00f3n.<\/p>\n<p>Luego de destacar la gesti\u00f3n de Saadi al frente del Municipio por la apertura para escuchar propuestas de diferentes sectores de la sociedad, como el presupuesto participativo, la legisladora indic\u00f3: \u201cSeguramente estaremos acompa\u00f1ando (a Saadi). Un perfil como el de Gustavo Saadi nos abrir\u00eda el camino para un desarrollo social donde la persona y la comunidad sean el centro de las pol\u00edticas p\u00fablicas\u201d.<\/p>\n","protected":false},"excerpt":{"rendered":"<p>La posible precandidatura a gobernador del intendente de la Capital, Gustavo Saadi, suma respaldos de diferentes dirigentes del oficialismo provincial.<\/p>\n","protected":false},"author":2,"featured_media":2590,"comment_status":"closed","ping_status":"closed","sticky":false,"template":"","format":"standard","meta":{"footnotes":"","jetpack_publicize_message":"","jetpack_publicize_feature_enabled":true,"jetpack_social_post_already_shared":false,"jetpack_social_options":{"image_generator_settings":{"template":"highway","enabled":false},"version":2}},"categories":[12],"tags":[],"class_list":["post-2589","post","type-post","status-publish","format-standard","has-post-thumbnail","hentry","category-politica"],"jetpack_publicize_connections":[],"_links":{"self":[{"href":"https:\/\/diariorepublica.com.ar\/web\/index.php\/wp-json\/wp\/v2\/posts\/2589"}],"collection":[{"href":"https:\/\/diariorepublica.com.ar\/web\/index.php\/wp-json\/wp\/v2\/posts"}],"about":[{"href":"https:\/\/diariorepublica.com.ar\/web\/index.php\/wp-json\/wp\/v2\/types\/post"}],"author":[{"embeddable":true,"href":"https:\/\/diariorepublica.com.ar\/web\/index.php\/wp-json\/wp\/v2\/users\/2"}],"replies":[{"embeddable":true,"href":"https:\/\/diariorepublica.com.ar\/web\/index.php\/wp-json\/wp\/v2\/comments?post=2589"}],"version-history":[{"count":1,"href":"https:\/\/diariorepublica.com.ar\/web\/index.php\/wp-json\/wp\/v2\/posts\/2589\/revisions"}],"predecessor-version":[{"id":2591,"href":"https:\/\/diariorepublica.com.ar\/web\/index.php\/wp-json\/wp\/v2\/posts\/2589\/revisions\/2591"}],"wp:featuredmedia":[{"embeddable":true,"href":"https:\/\/diariorepublica.com.ar\/web\/index.php\/wp-json\/wp\/v2\/media\/2590"}],"wp:attachment":[{"href":"https:\/\/diariorepublica.com.ar\/web\/index.php\/wp-json\/wp\/v2\/media?parent=2589"}],"wp:term":[{"taxonomy":"category","embeddable":true,"href":"https:\/\/diariorepublica.com.ar\/web\/index.php\/wp-json\/wp\/v2\/categories?post=2589"},{"taxonomy":"post_tag","embeddable":true,"href":"https:\/\/diariorepublica.com.ar\/web\/index.php\/wp-json\/wp\/v2\/tags?post=2589"}],"curies":[{"name":"wp","href":"https:\/\/api.w.org\/{rel}","templated":true}]}}