{"id":25891,"date":"2025-08-21T00:09:00","date_gmt":"2025-08-21T03:09:00","guid":{"rendered":"https:\/\/diariorepublica.com.ar\/web\/?p=25891"},"modified":"2025-08-21T07:41:00","modified_gmt":"2025-08-21T10:41:00","slug":"tension-por-la-llegada-a-las-costas-de-venezuela-de-destructores-estadounidenses","status":"publish","type":"post","link":"https:\/\/diariorepublica.com.ar\/web\/index.php\/internacionales\/2025\/08\/21\/tension-por-la-llegada-a-las-costas-de-venezuela-de-destructores-estadounidenses\/","title":{"rendered":"Tensi\u00f3n por la llegada a las costas de Venezuela de destructores estadounidenses"},"content":{"rendered":"<article id=\"article-post\" class=\"first\">\n<div class=\"cuerpo\" data-twitter-link=\"https:\/\/twitter.com\/intent\/tweet?url=https:\/\/www.diariopopular.com.ar\/c858008&amp;via=poopulardiario&amp;related=Popular&amp;text=\">\n<p>El plazo de apenas 36 horas para la supuesta llegada de destructores de los<strong>\u00a0Estados Unidos\u00a0<\/strong>cerca de las costas de\u00a0<strong>Venezuela<\/strong>\u00a0se acerca a su fin sin que haya informaci\u00f3n oficial sobre esa maniobra militar.<\/p>\n<\/div>\n<\/article>\n<article id=\"article-post\">\n<div class=\"cuerpo\" data-twitter-link=\"https:\/\/twitter.com\/intent\/tweet?url=https:\/\/www.diariopopular.com.ar\/c858008&amp;via=poopulardiario&amp;related=Popular&amp;text=\">\n<p>El lunes pasado, la agencia\u00a0<strong>Reuters\u00a0<\/strong>public\u00f3 que se esperaba que en menos de dos d\u00edas se instalaran frente a las costas venezolanas tres destructores clase<strong>\u00a0Arleigh Burke,\u00a0<\/strong>pertenecientes a la\u00a0<strong>Armada de los Estados Unidos,<\/strong>\u00a0que estar\u00edan guiados por el<strong>\u00a0sistema antimisiles Aegis<\/strong>, creado en ese pa\u00eds.<\/p>\n<div id=\"760100-Libre-100891901_wrap\" class=\"embed_cont type_imagen\" contenteditable=\"false\">\n<div id=\"760100-Libre-100891901_content\" class=\"embed_content\"><img decoding=\"async\" id=\"760100-Libre-100891901_embed\" title=\"\" src=\"https:\/\/media.diariopopular.com.ar\/p\/b46ca3bd53cfae4c6cf19b5940fcef90\/adjuntos\/143\/imagenes\/008\/204\/0008204447\/1140x0\/smart\/image.png\" alt=\"\" width=\"1140\" height=\"undefined\" longdesc=\"https:\/\/media.diariopopular.com.ar\/p\/b46ca3bd53cfae4c6cf19b5940fcef90\/adjuntos\/143\/imagenes\/008\/204\/0008204447\/1140x0\/smart\/image.png\" \/><\/div>\n<div id=\"760100-Libre-100891901_epigrafe\" class=\"embed_epigrafe\"><\/div>\n<div id=\"760100-Libre-100891901_copyright\" class=\"embed_copyright\"><\/div>\n<\/div>\n<p>El motivo para este despliegue ser\u00eda hacer frente a las amenazas de los c\u00e1rteles latinoamericanos de la droga, seg\u00fan coment\u00f3 el secretario de Estado de EE.UU.,\u00a0<strong>Marco Rubio.<\/strong><\/p>\n<p>\u00ab\u00bfQu\u00e9 implicaciones tiene el despliegue de fuerzas navales en el Caribe contra los c\u00e1rteles de la droga?\u00bb, pregunt\u00f3 un periodista al secretario de Estado, Marco Rubio.<\/p>\n<p>El funcionario estadounidense respondi\u00f3: \u00abLa droga es una amenaza a la seguridad nacional de Estados Unidos. Obviamente son grupos que est\u00e1n operando con impunidad en aguas internacionales, exportando a Estados Unidos veneno que est\u00e1 matando, que est\u00e1 destruyendo a comunidades\u00bb.<\/p>\n<div id=\"760098-Libre-1920930647_wrap\" class=\"embed_cont type_imagen\" contenteditable=\"false\">\n<div id=\"760098-Libre-1920930647_content\" class=\"embed_content\"><img decoding=\"async\" id=\"760098-Libre-1920930647_embed\" title=\"\" src=\"https:\/\/media.diariopopular.com.ar\/p\/f196413582c88d00b938d61ba292a400\/adjuntos\/143\/imagenes\/008\/204\/0008204445\/1140x0\/smart\/image.png\" alt=\"\" width=\"1140\" height=\"undefined\" longdesc=\"https:\/\/media.diariopopular.com.ar\/p\/f196413582c88d00b938d61ba292a400\/adjuntos\/143\/imagenes\/008\/204\/0008204445\/1140x0\/smart\/image.png\" \/><\/div>\n<div id=\"760098-Libre-1920930647_epigrafe\" class=\"embed_epigrafe\"><\/div>\n<div id=\"760098-Libre-1920930647_copyright\" class=\"embed_copyright\"><\/div>\n<\/div>\n<h2><\/h2>\n<p>Estas fuentes habr\u00edan dicho que se trataba de los barcos USS Gravely (DDG-107), que suele desplegarse en el norte del continente y en algunas zonas entre el Atl\u00e1ntico y el mar Caribe, en sitios como\u00a0<strong>Puerto Rico, Bahamas e Islas V\u00edrgenes,<\/strong>\u00a0donde opera el<strong>\u00a0Comando Norte de los Estados Unidos.<\/strong><\/p>\n<p>Por su parte, se habl\u00f3 del despliegue del destructor USS Jason Dunham (DDG-109), que seg\u00fan el medio\u00a0<strong>El Colombiano,\u00a0<\/strong>tuvo misiones antiterroristas y de seguridad mar\u00edtima en el Medio Oriente, y del USS Sampson (DDG-102), que oper\u00f3 en el Pac\u00edfico Oriental.<\/p>\n<p>Jefe del Comando Sur, de Argentina a Panam\u00e1<\/p>\n<p>Mientras que este mi\u00e9rcoles se conoci\u00f3 que el\u00a0<strong>jefe del Comando Sur, Alvin Holsey, luego de estar en la Argentina,<\/strong>\u00a0se traslad\u00f3 a Panam\u00e1.<\/p>\n<p>Seg\u00fan difundi\u00f3 el Departamento de Estado en sus redes, estuvo en el pa\u00eds centroamericano para visitar el destructor USS Sampson, con la finalidad de \u00abreforzar\u00bb el \u00abcompromiso de fortalecer las asociaciones\u00bb con sus socios del \u00e1rea del canal de Panam\u00e1 y la regi\u00f3n. La distancia mar\u00edtima entre el canal paname\u00f1o y Venezuela es de unos 1.400 km.<\/p>\n<h2><\/h2>\n<p><strong>El presidente Nicol\u00e1s Maduro<\/strong>\u00a0anunci\u00f3 que esta semana activar\u00eda un \u00abplan especial\u00bb para que 4,5 millones de milicianos cubrieran \u00abtodo el territorio nacional\u00bb. \u00abMilicias preparadas, activadas y armadas\u00bb, destac\u00f3.<\/p>\n<p>Mientras que rechaz\u00f3 que hubiera un despliegue de militares estadounidenses en el Caribe. \u00abNing\u00fan imperio va a venir a tocar suelo sagrado de Venezuela ni deber\u00eda tocar suelo sagrado de Suram\u00e9rica\u00bb, manifest\u00f3.<\/p>\n<p>\u00abNuestros mares, nuestros cielos y nuestras tierras las defendemos nosotros, las liberamos nosotros, las vigilamos y las patrullamos nosotros\u00bb, a\u00f1adi\u00f3.<\/p>\n<p>Algunos analistas venezolanos calificaron el supuesto despliegue militar como una \u00aboperaci\u00f3n psicol\u00f3gica\u00bb con la finalidad de desestabilizar al pa\u00eds y forzar una medida de fuerza debido a que ni el Pent\u00e1gono ni el Comando Sur \u00abhan revelado informaci\u00f3n concreta\u00bb, al respecto.<\/p>\n<p>Las tensiones entre los Estados Unidos y Venezuela escalaron a principios de agosto, cuando EE.UU. inform\u00f3 que aument\u00f3 de 25 a 50 millones de d\u00f3lares la recompensa por informaci\u00f3n conducente a la captura de Maduro, al que sindica, sin prueba alguna, de liderar una organizaci\u00f3n dedicada al narcotr\u00e1fico y de haber obtenido beneficios econ\u00f3micos de esa actividad il\u00edcita, lo ha sido rechazado por el Gobierno, como por otros pa\u00edses.<\/p>\n<\/div>\n<\/article>\n","protected":false},"excerpt":{"rendered":"<p>El plazo de apenas 36 horas para la supuesta llegada de destructores de los\u00a0Estados Unidos\u00a0cerca de las costas de\u00a0Venezuela\u00a0se acerca<\/p>\n","protected":false},"author":1,"featured_media":25892,"comment_status":"closed","ping_status":"closed","sticky":false,"template":"","format":"standard","meta":{"footnotes":"","jetpack_publicize_message":"","jetpack_publicize_feature_enabled":true,"jetpack_social_post_already_shared":true,"jetpack_social_options":{"image_generator_settings":{"template":"highway","enabled":false},"version":2}},"categories":[6],"tags":[],"class_list":["post-25891","post","type-post","status-publish","format-standard","has-post-thumbnail","hentry","category-internacionales"],"jetpack_publicize_connections":[],"_links":{"self":[{"href":"https:\/\/diariorepublica.com.ar\/web\/index.php\/wp-json\/wp\/v2\/posts\/25891"}],"collection":[{"href":"https:\/\/diariorepublica.com.ar\/web\/index.php\/wp-json\/wp\/v2\/posts"}],"about":[{"href":"https:\/\/diariorepublica.com.ar\/web\/index.php\/wp-json\/wp\/v2\/types\/post"}],"author":[{"embeddable":true,"href":"https:\/\/diariorepublica.com.ar\/web\/index.php\/wp-json\/wp\/v2\/users\/1"}],"replies":[{"embeddable":true,"href":"https:\/\/diariorepublica.com.ar\/web\/index.php\/wp-json\/wp\/v2\/comments?post=25891"}],"version-history":[{"count":1,"href":"https:\/\/diariorepublica.com.ar\/web\/index.php\/wp-json\/wp\/v2\/posts\/25891\/revisions"}],"predecessor-version":[{"id":25893,"href":"https:\/\/diariorepublica.com.ar\/web\/index.php\/wp-json\/wp\/v2\/posts\/25891\/revisions\/25893"}],"wp:featuredmedia":[{"embeddable":true,"href":"https:\/\/diariorepublica.com.ar\/web\/index.php\/wp-json\/wp\/v2\/media\/25892"}],"wp:attachment":[{"href":"https:\/\/diariorepublica.com.ar\/web\/index.php\/wp-json\/wp\/v2\/media?parent=25891"}],"wp:term":[{"taxonomy":"category","embeddable":true,"href":"https:\/\/diariorepublica.com.ar\/web\/index.php\/wp-json\/wp\/v2\/categories?post=25891"},{"taxonomy":"post_tag","embeddable":true,"href":"https:\/\/diariorepublica.com.ar\/web\/index.php\/wp-json\/wp\/v2\/tags?post=25891"}],"curies":[{"name":"wp","href":"https:\/\/api.w.org\/{rel}","templated":true}]}}