{"id":2611,"date":"2023-05-10T07:25:18","date_gmt":"2023-05-10T10:25:18","guid":{"rendered":"https:\/\/diariorepublica.com.ar\/web\/?p=2611"},"modified":"2023-05-10T07:25:19","modified_gmt":"2023-05-10T10:25:19","slug":"la-corte-suprema-suspendio-las-elecciones-en-san-juan-y-tucuman","status":"publish","type":"post","link":"https:\/\/diariorepublica.com.ar\/web\/index.php\/politica\/2023\/05\/10\/la-corte-suprema-suspendio-las-elecciones-en-san-juan-y-tucuman\/","title":{"rendered":"La Corte Suprema suspendi\u00f3 las elecciones en San Juan y Tucum\u00e1n"},"content":{"rendered":"<article class=\"article-body article-body--first-paragraph content-protected-false\" data-td-script-src=\"https:\/\/www.ambito.com\/td\/modulos\/encuestas\/js\/function-embeds-min-version-1660312119.js\">En dos fallos in\u00e9ditos para la historia democr\u00e1tica argentina, la Corte Suprema de Justicia suspendi\u00f3 las elecciones previstas en San Juan y Tucum\u00e1n pocas horas antes de que los habitantes de esas provincia concurran a las urnas.<\/p>\n<\/article>\n<article class=\"article-body article-body--second-paragraph content-protected-false\">Seg\u00fan las resoluciones a las que accedi\u00f3\u00a0<strong>\u00c1mbito<\/strong>, el m\u00e1ximo tribunal impide a los candidatos a gobernador sanjuanino\u00a0<strong>Sergio U\u00f1ac<\/strong>\u00a0y a vicegobernador tucumano\u00a0<strong>Juan Manzur\u00a0<\/strong>a competir en los comicios previstos para el pr\u00f3ximo domingo.<\/p>\n<article class=\"article-body article-body--third-paragraph content-protected-false\">La Corte se declar\u00f3 con\u00a0<strong>\u00abcompetencia originaria\u00bb\u00a0<\/strong>para resolver sobre la validez de las dos postulaciones, que hab\u00edan sido impugnadas por candidatos de la oposici\u00f3n, vinculados a Juntos por el Cambio.<\/p>\n<\/article>\n<article class=\"article-body article-body--fourth-paragraph content-protected-false\">De este modo, el Tribunal otorg\u00f3 cinco d\u00edas para que U\u00f1ac y Manzur presenten un informe de descargo, para luego tomar una decisi\u00f3n de fondo sobre la posibilidad de que puedan presentarse.\u00a0<strong>Los jueces supremos ser\u00e1n quienes definan a qui\u00e9n se puede voto y a quien no en San Juan y Tucum\u00e1n.<\/strong><\/p>\n<\/article>\n<article class=\"article-body article-body--remaining-paragraph content-protected-false\">\u201cHacer lugar a la medida cautelar solicitada y, en consecuencia, suspender la convocatoria a elecci\u00f3n de gobernador y vicegobernador de la Provincia de Tucum\u00e1n del pr\u00f3ximo 14 de mayo hasta tanto se dicte un pronunciamiento definitivo\u201d, dictamin\u00f3, al entender que Manzur cumpli\u00f3 dos mandatos consecutivos de gobernador, y que ahora no pod\u00eda competir por la vicegobernaci\u00f3n.<\/p>\n<p><span id=\"saysCMSEmphasistvzkyxoi4dl\" class=\"saysCMSEmphasis\">En el caso del sanjuanino U\u00f1ac la oposici\u00f3n argument\u00f3 que de resultar electo completar\u00eda \u00abcuatro per\u00edodos\u00bb, una duraci\u00f3n que proh\u00edbe la Constituci\u00f3n local y, en el caso de Manzur, que habiendo sido dos veces gobernador, tambi\u00e9n estar\u00eda vulnerando la norma de la alternancia.<\/span><\/p>\n<p>El m\u00e1ximo tribunal suspendi\u00f3 las elecciones y solicit\u00f3 a los tribunales electorales provinciales que env\u00eden informes sobre las candidaturas en un plazo m\u00e1ximo de cinco d\u00edas.<\/p>\n<p>Para fundamentar la suspensi\u00f3n de los comicios, la Corte cit\u00f3 un fallo anterior del mismo tribunal en el que consider\u00f3 un deber tutelar\u00a0<span id=\"saysCMSEmphasisctmiwak68z\" class=\"saysCMSEmphasis\">\u00abla virtud republicana de desalentar la posibilidad de perpetuaci\u00f3n en el poder\u00bb.<\/span><\/p>\n<p>Los pedidos de amparo fueron formulados por el\u00a0<strong>\u00abPartido para la Justicia Social\u00bb de Tucum\u00e1n<\/strong>\u00a0y por la agrupaci\u00f3n\u00a0<strong>\u00abEvoluci\u00f3n Liberal\u00bb de San Juan.<\/strong><\/p>\n<p><strong>Los fallos del m\u00e1ximo tribunal llevan la firma de los jueces Horacio Rosatti, Juan Carlos Maqueda y Carlos Rosenkrantz.<\/strong><\/p>\n<p>Las provincias de Tucum\u00e1n y San Juan ten\u00edan elecciones provinciales previstas para el pr\u00f3ximo domingo, junto con La Pampa, Salta y Tierra del Fuego, todas ellas desdobladas del cronograma de elecciones nacionales.<\/p>\n<\/article>\n<\/article>\n","protected":false},"excerpt":{"rendered":"<p>En dos fallos in\u00e9ditos para la historia democr\u00e1tica argentina, la Corte Suprema de Justicia suspendi\u00f3 las elecciones previstas en San<\/p>\n","protected":false},"author":1,"featured_media":2612,"comment_status":"closed","ping_status":"closed","sticky":false,"template":"","format":"standard","meta":{"footnotes":"","jetpack_publicize_message":"","jetpack_publicize_feature_enabled":true,"jetpack_social_post_already_shared":false,"jetpack_social_options":{"image_generator_settings":{"template":"highway","enabled":false},"version":2}},"categories":[12],"tags":[],"class_list":["post-2611","post","type-post","status-publish","format-standard","has-post-thumbnail","hentry","category-politica"],"jetpack_publicize_connections":[],"_links":{"self":[{"href":"https:\/\/diariorepublica.com.ar\/web\/index.php\/wp-json\/wp\/v2\/posts\/2611"}],"collection":[{"href":"https:\/\/diariorepublica.com.ar\/web\/index.php\/wp-json\/wp\/v2\/posts"}],"about":[{"href":"https:\/\/diariorepublica.com.ar\/web\/index.php\/wp-json\/wp\/v2\/types\/post"}],"author":[{"embeddable":true,"href":"https:\/\/diariorepublica.com.ar\/web\/index.php\/wp-json\/wp\/v2\/users\/1"}],"replies":[{"embeddable":true,"href":"https:\/\/diariorepublica.com.ar\/web\/index.php\/wp-json\/wp\/v2\/comments?post=2611"}],"version-history":[{"count":1,"href":"https:\/\/diariorepublica.com.ar\/web\/index.php\/wp-json\/wp\/v2\/posts\/2611\/revisions"}],"predecessor-version":[{"id":2613,"href":"https:\/\/diariorepublica.com.ar\/web\/index.php\/wp-json\/wp\/v2\/posts\/2611\/revisions\/2613"}],"wp:featuredmedia":[{"embeddable":true,"href":"https:\/\/diariorepublica.com.ar\/web\/index.php\/wp-json\/wp\/v2\/media\/2612"}],"wp:attachment":[{"href":"https:\/\/diariorepublica.com.ar\/web\/index.php\/wp-json\/wp\/v2\/media?parent=2611"}],"wp:term":[{"taxonomy":"category","embeddable":true,"href":"https:\/\/diariorepublica.com.ar\/web\/index.php\/wp-json\/wp\/v2\/categories?post=2611"},{"taxonomy":"post_tag","embeddable":true,"href":"https:\/\/diariorepublica.com.ar\/web\/index.php\/wp-json\/wp\/v2\/tags?post=2611"}],"curies":[{"name":"wp","href":"https:\/\/api.w.org\/{rel}","templated":true}]}}