{"id":26155,"date":"2025-08-29T17:35:24","date_gmt":"2025-08-29T20:35:24","guid":{"rendered":"https:\/\/diariorepublica.com.ar\/web\/?p=26155"},"modified":"2025-08-29T17:35:26","modified_gmt":"2025-08-29T20:35:26","slug":"el-gobierno-provincial-entrego-215-terrenos-a-traves-del-programa-de-autoconstruccion","status":"publish","type":"post","link":"https:\/\/diariorepublica.com.ar\/web\/index.php\/sociedad\/2025\/08\/29\/el-gobierno-provincial-entrego-215-terrenos-a-traves-del-programa-de-autoconstruccion\/","title":{"rendered":"El Gobierno provincial entreg\u00f3 215 terrenos a trav\u00e9s del\u00a0Programa de Autoconstrucci\u00f3n"},"content":{"rendered":"<p>El\u00a0<strong>Gobierno de Catamarca<\/strong>\u00a0reafirma su compromiso con la pol\u00edtica habitacional a trav\u00e9s del\u00a0<strong>Programa de Autoconstrucci\u00f3n<\/strong>, una iniciativa que permitir\u00e1 a 250 familias comenzar a edificar su propio hogar. En un acto en la zona de Los Plateados, el gobernador\u00a0<strong>Ra\u00fal Jalil<\/strong>\u00a0y el ministro de Vivienda y Urbanizaci\u00f3n,\u00a0<strong>Fidel S\u00e1enz<\/strong>, entregaron las primeras\u00a0<strong>215 escrituras de lotes<\/strong>, mientras que las 35 restantes se entregar\u00e1n en los pr\u00f3ximos d\u00edas.<\/p>\n<p>La iniciativa busca que cada familia sea protagonista en la construcci\u00f3n de su vivienda, con el respaldo del\u00a0<strong>Ministerio de Vivienda y Urbanizaci\u00f3n<\/strong>, que proveer\u00e1 asistencia t\u00e9cnica y materiales. Cada lote entregado cuenta con servicios b\u00e1sicos, garantizando un punto de partida para la edificaci\u00f3n de las viviendas. A cambio, los beneficiarios se comprometen a una contraprestaci\u00f3n, que incluye presentar mensualmente los certificados de escolaridad y vacunaci\u00f3n de sus hijos, y participar en capacitaciones.<\/p>\n<p>El gobernador\u00a0<strong>Ra\u00fal Jalil<\/strong>\u00a0destac\u00f3 el valor social del programa y la inversi\u00f3n provincial en vivienda, especialmente frente a la ausencia de fondos nacionales. \u00abMientras la Naci\u00f3n cerr\u00f3 la Secretar\u00eda de Vivienda, nosotros seguimos con fondos provinciales, producto del trabajo de todos los catamarque\u00f1os y de la miner\u00eda, garantizando pol\u00edticas de Estado\u00bb, afirm\u00f3.<\/p>\n<p>El ministro\u00a0<strong>Fidel S\u00e1enz<\/strong>\u00a0subray\u00f3 que el programa no solo entrega terrenos, sino que brinda a las familias la oportunidad de construir con sus propias manos, un proceso que \u00abaporta un valor especial\u00bb. \u00abNo es lo mismo recibir la llave de una casa que construirla ladrillo por ladrillo, con amor, cari\u00f1o y urgencia\u00bb, expres\u00f3.<\/p>\n<p>La emoci\u00f3n de los beneficiarios fue palpable.\u00a0<strong>Paula<\/strong>, una de las mujeres que recibi\u00f3 su lote, comparti\u00f3 su alegr\u00eda: \u00abEstoy muy contenta, lo esperaba much\u00edsimo. Gracias a esto, podremos construir un techo seguro para mis hijas. Es un sue\u00f1o hecho realidad\u00bb.<\/p>\n","protected":false},"excerpt":{"rendered":"<p>El\u00a0Gobierno de Catamarca\u00a0reafirma su compromiso con la pol\u00edtica habitacional a trav\u00e9s del\u00a0Programa de Autoconstrucci\u00f3n, una iniciativa que permitir\u00e1 a 250<\/p>\n","protected":false},"author":1,"featured_media":26156,"comment_status":"closed","ping_status":"closed","sticky":false,"template":"","format":"standard","meta":{"footnotes":"","jetpack_publicize_message":"","jetpack_publicize_feature_enabled":true,"jetpack_social_post_already_shared":true,"jetpack_social_options":{"image_generator_settings":{"template":"highway","enabled":false},"version":2}},"categories":[3],"tags":[],"class_list":["post-26155","post","type-post","status-publish","format-standard","has-post-thumbnail","hentry","category-sociedad"],"jetpack_publicize_connections":[],"_links":{"self":[{"href":"https:\/\/diariorepublica.com.ar\/web\/index.php\/wp-json\/wp\/v2\/posts\/26155"}],"collection":[{"href":"https:\/\/diariorepublica.com.ar\/web\/index.php\/wp-json\/wp\/v2\/posts"}],"about":[{"href":"https:\/\/diariorepublica.com.ar\/web\/index.php\/wp-json\/wp\/v2\/types\/post"}],"author":[{"embeddable":true,"href":"https:\/\/diariorepublica.com.ar\/web\/index.php\/wp-json\/wp\/v2\/users\/1"}],"replies":[{"embeddable":true,"href":"https:\/\/diariorepublica.com.ar\/web\/index.php\/wp-json\/wp\/v2\/comments?post=26155"}],"version-history":[{"count":1,"href":"https:\/\/diariorepublica.com.ar\/web\/index.php\/wp-json\/wp\/v2\/posts\/26155\/revisions"}],"predecessor-version":[{"id":26157,"href":"https:\/\/diariorepublica.com.ar\/web\/index.php\/wp-json\/wp\/v2\/posts\/26155\/revisions\/26157"}],"wp:featuredmedia":[{"embeddable":true,"href":"https:\/\/diariorepublica.com.ar\/web\/index.php\/wp-json\/wp\/v2\/media\/26156"}],"wp:attachment":[{"href":"https:\/\/diariorepublica.com.ar\/web\/index.php\/wp-json\/wp\/v2\/media?parent=26155"}],"wp:term":[{"taxonomy":"category","embeddable":true,"href":"https:\/\/diariorepublica.com.ar\/web\/index.php\/wp-json\/wp\/v2\/categories?post=26155"},{"taxonomy":"post_tag","embeddable":true,"href":"https:\/\/diariorepublica.com.ar\/web\/index.php\/wp-json\/wp\/v2\/tags?post=26155"}],"curies":[{"name":"wp","href":"https:\/\/api.w.org\/{rel}","templated":true}]}}