{"id":26185,"date":"2025-09-02T06:00:00","date_gmt":"2025-09-02T09:00:00","guid":{"rendered":"https:\/\/diariorepublica.com.ar\/web\/?p=26185"},"modified":"2025-09-02T08:03:50","modified_gmt":"2025-09-02T11:03:50","slug":"la-oposicion-cuestiono-el-fallo-que-prohibio-publicar-audios-de-karina-milei","status":"publish","type":"post","link":"https:\/\/diariorepublica.com.ar\/web\/index.php\/nacionales\/2025\/09\/02\/la-oposicion-cuestiono-el-fallo-que-prohibio-publicar-audios-de-karina-milei\/","title":{"rendered":"La oposici\u00f3n cuestion\u00f3 el fallo que prohibi\u00f3 publicar audios de Karina Milei"},"content":{"rendered":"<article id=\"article-post\" class=\"first\">\n<div class=\"cuerpo\" data-twitter-link=\"https:\/\/twitter.com\/intent\/tweet?url=https:\/\/www.diariopopular.com.ar\/c859874&amp;via=poopulardiario&amp;related=Popular&amp;text=\">\n<p>Dirigentes y legisladores de la oposici\u00f3n se expresaron duramente contra la<strong>\u00a0ministra de Seguridad, Patricia Bullrich<\/strong>\u00a0por el pedido de allanamiento a los periodistas que divulgaron los audios de\u00a0<strong>Diego Spagnuolo y la secretaria General de la Presidencia,\u00a0Karina Milei,\u00a0<\/strong>por presuntas coimas en la\u00a0<strong>Agencia Nacional de Discapacidad (ANDIS).<\/strong><\/p>\n<\/div>\n<\/article>\n<article id=\"article-post\">\n<div class=\"cuerpo\" data-twitter-link=\"https:\/\/twitter.com\/intent\/tweet?url=https:\/\/www.diariopopular.com.ar\/c859874&amp;via=poopulardiario&amp;related=Popular&amp;text=\">\n<p>La medida cautelar fue otorgada por el juez Civil y Comercial,\u00a0<strong>Alejandro Maraniello<\/strong>, quien fall\u00f3 a favor de la hermana del Presidente para que no se difundan los audios que\u00a0<strong>habr\u00edan sido grabados dentro de la Casa Rosada<\/strong>.<\/p>\n<p><strong>\u201cEs censura previa, prohibida por la Constituci\u00f3n, en un fallo expr\u00e9s a medida y pedido del Gobierno, con una cautelar sin plazo alguno<\/strong>. El juez ni siquiera escuch\u00f3 los audios de Karina Milei y decidi\u00f3 prohibirlos \u2018por si las dudas\u2019. Como si eso fuera poco, Patricia Bullrich pide allanar medios y periodistas. \u00bfQu\u00e9 sigue? \u00bfQuemar imprentas?\u00bb, escribi\u00f3 el diputado\u00a0<strong>Maxi Ferraro,<\/strong>\u00a0l\u00edder de la\u00a0<strong>Coalici\u00f3n C\u00edvica\u00a0<\/strong>en sus redes sociales.<\/p>\n<p>Y sum\u00f3: \u201c\u00bfY qui\u00e9n firma esta censura?\u00a0<strong>Un juez denunciado por abuso sexual, acoso laboral y maltrato en el Consejo de la Magistratura<\/strong>. Este es el Juez que decide qu\u00e9 puede o no puede publicar la prensa en Argentina. El gobierno de Milei elige callar a los periodistas antes que dar explicaciones por las denuncias de corrupci\u00f3n, pero la censura y los aprietes no tapan la mugre, solo la multiplican\u00bb.<\/p>\n<p>\u201cDemocracia es libertad de prensa y expresi\u00f3n.\u00a0<strong>La censura previa la usan los autoritarios o los que tienen miedo a la verdad<\/strong>. En este caso son las dos cosas\u201d, complet\u00f3.<\/p>\n<div id=\"761606-Libre-1900745952_wrap\" class=\"embed_cont type_imagen\" contenteditable=\"false\">\n<div id=\"761606-Libre-1900745952_content\" class=\"embed_content\"><img decoding=\"async\" id=\"761606-Libre-1900745952_embed\" title=\"\" src=\"https:\/\/media.diariopopular.com.ar\/p\/b3f9e4d16d18d2216d35c14139a3df6b\/adjuntos\/143\/imagenes\/008\/206\/0008206014\/1140x0\/smart\/image.png\" alt=\"\" width=\"1140\" height=\"undefined\" longdesc=\"https:\/\/media.diariopopular.com.ar\/p\/b3f9e4d16d18d2216d35c14139a3df6b\/adjuntos\/143\/imagenes\/008\/206\/0008206014\/1140x0\/smart\/image.png\" \/><\/div>\n<div id=\"761606-Libre-1900745952_epigrafe\" class=\"embed_epigrafe\"><\/div>\n<div id=\"761606-Libre-1900745952_copyright\" class=\"embed_copyright\"><\/div>\n<\/div>\n<p>Otro de los que se expres\u00f3 en sus redes sociales fue el senador\u00a0<strong>Mart\u00edn Lousteau<\/strong>, dirigente de la Uni\u00f3n C\u00edvica Radical (UCR). \u201cEl pedido de allanamiento a un canal y a periodistas por parte de Patricia Bullrich\u00a0<strong>es un acto de autoritarismo sin precedentes y un ataque a la democracia<\/strong>. Busca violar el secreto de las fuentes en medio de graves denuncias de corrupci\u00f3n, incluso relacionadas con el robo de fondos destinados a personas con discapacidad\u201d, sostuvo.<\/p>\n<p>\u201cEn lugar de atacar la Constituci\u00f3n y al sistema republicano, el gobierno de Javier Milei deber\u00eda explicar estos hechos. Desde que asumi\u00f3, ha tensionado los l\u00edmites constitucionales con DNU abusivos, ataques a la prensa y bloqueos legislativos.\u00a0<strong>Este allanamiento busca amedrentar a periodistas y evadir responsabilidades<\/strong>. La libertad de prensa y el secreto de las fuentes est\u00e1n protegidos por la Constituci\u00f3n. En 2014, Bullrich calific\u00f3 un allanamiento similar como censura; hoy, como ministra de Seguridad, lo ignora. Este intento de censura env\u00eda un mensaje claro: autocensura por miedo a represalias. La Corte Suprema ha dejado claro que no se puede prohibir la difusi\u00f3n de informaci\u00f3n, salvo para proteger la intimidad de menores, como en el caso de una ni\u00f1a, sin restringir toda la informaci\u00f3n\u201d, cerr\u00f3.<\/p>\n<p><strong>Graciela Oca\u00f1a<\/strong>\u00a0acompa\u00f1\u00f3 los dichos de Lousteau con otro contundente mensaje: \u201cNo a la censura\u201d.<\/p>\n<div id=\"761607-Libre-2092890045_wrap\" class=\"embed_cont type_imagen\" contenteditable=\"false\">\n<div id=\"761607-Libre-2092890045_content\" class=\"embed_content\"><img decoding=\"async\" id=\"761607-Libre-2092890045_embed\" title=\"\" src=\"https:\/\/media.diariopopular.com.ar\/p\/e800c3d1780c5c8bb3bd268e542ccb5a\/adjuntos\/143\/imagenes\/008\/206\/0008206015\/1140x0\/smart\/image.png\" alt=\"\" width=\"1140\" height=\"undefined\" longdesc=\"https:\/\/media.diariopopular.com.ar\/p\/e800c3d1780c5c8bb3bd268e542ccb5a\/adjuntos\/143\/imagenes\/008\/206\/0008206015\/1140x0\/smart\/image.png\" \/><\/div>\n<div id=\"761607-Libre-2092890045_epigrafe\" class=\"embed_epigrafe\"><\/div>\n<div id=\"761607-Libre-2092890045_copyright\" class=\"embed_copyright\"><\/div>\n<\/div>\n<p>La postura del peronismo<\/p>\n<p>\u00abEl Gobierno Nacional, encabezado por @JMilei y con la mano amedrentadora de @PatoBullrich avanza contra periodistas en lugar de investigar la corrupci\u00f3n que carcome al propio Estado. Un atropello a la #LibertadDePrensa. Allanar y perseguir voces cr\u00edticas es sembrar miedo y callar la verdad. La Justicia no puede ser c\u00f3mplice de estas maniobras pol\u00edticas que recuerdan a los peores tiempos de la Argentina. L<strong>o que necesita el pueblo es que se investiguen los actos de corrupci\u00f3n del Gobierno, no que se persiga a quienes los denuncian. Censurar y amedrentar es terrorismo de Estado<\/strong>. Toda mi solidaridad con los periodistas censurados\u00bb, escribi\u00f3\u00a0<strong>Ricardo Quintela,<\/strong>\u00a0gobernador de La Rioja.<\/p>\n<p>El titular de la bancada de Uni\u00f3n por la Patria en la C\u00e1mara de Diputados,\u00a0<strong>Germ\u00e1n Mart\u00ednez,\u00a0<\/strong>tambi\u00e9n se expres\u00f3 en las redes:\u00a0<strong>\u201cLa cautelar dispuesta por el juez Maraniello es ESCANDALOSA<\/strong>. Avala la censura previa y legitima el cercenamiento de la libertad de prensa y de expresi\u00f3n, en sinton\u00eda con los deseos del gobierno de Milei. La libertad retrocede y el fascismo avanza\u201d.<\/p>\n<p><strong>\u201cCUANDO UN GOBIERNO EST\u00c1 DESESPERADO, PASAN ESTAS COSAS<\/strong>. Le tienen tanto miedo al contenido de los audios que incurren en censura y violan el principio de libertad de expresi\u00f3n. Para lograrlo, recurrieron a un juez con m\u00faltiples acusaciones y cuentan con la defensa de la ministra de Seguridad, que hace a\u00f1os dec\u00eda exactamente lo contrario\u201d, escribi\u00f3\u00a0<strong>Victoria Tolosa Paz\u00a0<\/strong>en sus redes sociales.<\/p>\n<p>La senadora\u00a0<strong>Juliana Di Tullio\u00a0<\/strong>refiri\u00f3 en su cuenta de X:\u00a0<strong>\u201cNada m\u00e1s peligroso para la democracia que un presidente autoritario y asustado<\/strong>. C\u00e1lmese, cuide al pueblo y a las instituciones de sus miedos y desaciertos. Ah, y no se vaya del pa\u00eds si no es por temas de inter\u00e9s nacional que el congreso no lo autoriz\u00f3 a irse de joda\u201d.<\/p>\n<div id=\"761608-Libre-1740121810_wrap\" class=\"embed_cont type_imagen\" contenteditable=\"false\">\n<div id=\"761608-Libre-1740121810_content\" class=\"embed_content\"><img decoding=\"async\" id=\"761608-Libre-1740121810_embed\" title=\"\" src=\"https:\/\/media.diariopopular.com.ar\/p\/ec708c1a68d56c1c949b9b872b594581\/adjuntos\/143\/imagenes\/008\/206\/0008206016\/1140x0\/smart\/image.png\" alt=\"\" width=\"1140\" height=\"undefined\" longdesc=\"https:\/\/media.diariopopular.com.ar\/p\/ec708c1a68d56c1c949b9b872b594581\/adjuntos\/143\/imagenes\/008\/206\/0008206016\/1140x0\/smart\/image.png\" \/><\/div>\n<div id=\"761608-Libre-1740121810_epigrafe\" class=\"embed_epigrafe\"><\/div>\n<div id=\"761608-Libre-1740121810_copyright\" class=\"embed_copyright\"><\/div>\n<\/div>\n<p>\u201cVen\u00edan en nombre de la libertad y coso\u201d, a\u00f1adi\u00f3 otra de las parlamentarias de<strong>\u00a0Uni\u00f3n por la Patria, Anabal Fern\u00e1ndez Sagasti.<\/strong><\/p>\n<p>El diputado socialista\u00a0<strong>Esteban Paul\u00f3n<\/strong>\u00a0apunt\u00f3 contra el juez y lanz\u00f3:\u00a0<strong>\u201cCASUALIDADES DE LA VIDA<\/strong>. Justo la causa para silenciar los audios del 3% cay\u00f3 en el juzgado del Dr. Alejandro Patricio Maraniello, denunciado por las asociaciones de trabajadores judiciales por acoso sexual, violencia de g\u00e9nero y acoso laboral entre otras\u201d.<\/p>\n<p>\u201cUn gobierno desesperado impone censura previa a la prensa, impone la persecuci\u00f3n e intenta amedrentar a periodistas\u201d, redact\u00f3 Myriam Bregman en sus redes, donde agreg\u00f3: \u201cComo en los peores momentos, vuelve a cobrar fuerza la frase de Rodolfo Walsh: \u2018Vuelva a sentir la satisfacci\u00f3n moral de un acto de libertad. Derrote el terror. Haga circular esta informaci\u00f3n\u2019\u201d.<\/p>\n<p>Cr\u00edticas desde la izquierda<\/p>\n<p>\u00abImpresionante. Censura previa y allanamiento a periodistas para garantizar una llamada \u00abprivacidad institucional\u00bb que acaba de inventar Adorni para bloquear la informacion que muestra que, de Javier y Karina Milei para abajo, son todos unos corruptos que recortan a la discapacidad, jubilados y atencion pediatrica para enriquecerse fenomenalmente\u00bb, manifest\u00f3 la legisladora\u00a0<strong>Vanina Biasi.<\/strong><\/p>\n<div id=\"embed729_wrap\" class=\"embed_cont type_freetext\" contenteditable=\"false\" data-provider=\"Twitter\">\n<div id=\"embed729_content\" class=\"embed_content\">\n<div id=\"embed729_embed\">\n<div class=\"twitter-tweet twitter-tweet-rendered\"><iframe id=\"twitter-widget-0\" class=\"\" title=\"X Post\" src=\"https:\/\/platform.twitter.com\/embed\/Tweet.html?creatorScreenName=diariopopular&amp;dnt=false&amp;embedId=twitter-widget-0&amp;features=eyJ0ZndfdGltZWxpbmVfbGlzdCI6eyJidWNrZXQiOltdLCJ2ZXJzaW9uIjpudWxsfSwidGZ3X2ZvbGxvd2VyX2NvdW50X3N1bnNldCI6eyJidWNrZXQiOnRydWUsInZlcnNpb24iOm51bGx9LCJ0ZndfdHdlZXRfZWRpdF9iYWNrZW5kIjp7ImJ1Y2tldCI6Im9uIiwidmVyc2lvbiI6bnVsbH0sInRmd19yZWZzcmNfc2Vzc2lvbiI6eyJidWNrZXQiOiJvbiIsInZlcnNpb24iOm51bGx9LCJ0ZndfZm9zbnJfc29mdF9pbnRlcnZlbnRpb25zX2VuYWJsZWQiOnsiYnVja2V0Ijoib24iLCJ2ZXJzaW9uIjpudWxsfSwidGZ3X21peGVkX21lZGlhXzE1ODk3Ijp7ImJ1Y2tldCI6InRyZWF0bWVudCIsInZlcnNpb24iOm51bGx9LCJ0ZndfZXhwZXJpbWVudHNfY29va2llX2V4cGlyYXRpb24iOnsiYnVja2V0IjoxMjA5NjAwLCJ2ZXJzaW9uIjpudWxsfSwidGZ3X3Nob3dfYmlyZHdhdGNoX3Bpdm90c19lbmFibGVkIjp7ImJ1Y2tldCI6Im9uIiwidmVyc2lvbiI6bnVsbH0sInRmd19kdXBsaWNhdGVfc2NyaWJlc190b19zZXR0aW5ncyI6eyJidWNrZXQiOiJvbiIsInZlcnNpb24iOm51bGx9LCJ0ZndfdXNlX3Byb2ZpbGVfaW1hZ2Vfc2hhcGVfZW5hYmxlZCI6eyJidWNrZXQiOiJvbiIsInZlcnNpb24iOm51bGx9LCJ0ZndfdmlkZW9faGxzX2R5bmFtaWNfbWFuaWZlc3RzXzE1MDgyIjp7ImJ1Y2tldCI6InRydWVfYml0cmF0ZSIsInZlcnNpb24iOm51bGx9LCJ0ZndfbGVnYWN5X3RpbWVsaW5lX3N1bnNldCI6eyJidWNrZXQiOnRydWUsInZlcnNpb24iOm51bGx9LCJ0ZndfdHdlZXRfZWRpdF9mcm9udGVuZCI6eyJidWNrZXQiOiJvbiIsInZlcnNpb24iOm51bGx9fQ%3D%3D&amp;frame=false&amp;hideCard=false&amp;hideThread=false&amp;id=1962579487968895343&amp;lang=en&amp;origin=https%3A%2F%2Fwww.diariopopular.com.ar%2Fpolitica%2Fla-oposicion-cuestiono-el-fallo-que-prohibio-publicar-audios-karina-milei-n859874&amp;sessionId=0ff9abb04e1c82fd1d2bde1580adc54b85314cbf&amp;siteScreenName=diariopopular&amp;theme=light&amp;widgetsVersion=2615f7e52b7e0%3A1702314776716&amp;width=550px\" frameborder=\"0\" scrolling=\"no\" allowfullscreen=\"allowfullscreen\" data-tweet-id=\"1962579487968895343\" data-gtm-yt-inspected-13=\"true\" data-mce-fragment=\"1\"><\/iframe><\/div>\n<\/div>\n<\/div>\n<div id=\"embed729_epigrafe\" class=\"embed_epigrafe\"><\/div>\n<div id=\"embed729_copyright\" class=\"embed_copyright\"><\/div>\n<\/div>\n<p>\u201cUn gobierno desesperado impone censura previa a la prensa, impone la persecuci\u00f3n e intenta amedrentar a periodistas\u201d, redact\u00f3\u00a0<strong>Myriam Bregman<\/strong>\u00a0en sus redes, donde agreg\u00f3: \u201cComo en los peores momentos, vuelve a cobrar fuerza la frase de Rodolfo Walsh: \u2018Vuelva a sentir la satisfacci\u00f3n moral de un acto de libertad. Derrote el terror. Haga circular esta informaci\u00f3n\u2019\u201d.<\/p>\n<\/div>\n<\/article>\n","protected":false},"excerpt":{"rendered":"<p>Dirigentes y legisladores de la oposici\u00f3n se expresaron duramente contra la\u00a0ministra de Seguridad, Patricia Bullrich\u00a0por el pedido de allanamiento a<\/p>\n","protected":false},"author":1,"featured_media":26186,"comment_status":"closed","ping_status":"closed","sticky":false,"template":"","format":"standard","meta":{"footnotes":"","jetpack_publicize_message":"","jetpack_publicize_feature_enabled":true,"jetpack_social_post_already_shared":true,"jetpack_social_options":{"image_generator_settings":{"template":"highway","enabled":false},"version":2}},"categories":[4],"tags":[],"class_list":["post-26185","post","type-post","status-publish","format-standard","has-post-thumbnail","hentry","category-nacionales"],"jetpack_publicize_connections":[],"_links":{"self":[{"href":"https:\/\/diariorepublica.com.ar\/web\/index.php\/wp-json\/wp\/v2\/posts\/26185"}],"collection":[{"href":"https:\/\/diariorepublica.com.ar\/web\/index.php\/wp-json\/wp\/v2\/posts"}],"about":[{"href":"https:\/\/diariorepublica.com.ar\/web\/index.php\/wp-json\/wp\/v2\/types\/post"}],"author":[{"embeddable":true,"href":"https:\/\/diariorepublica.com.ar\/web\/index.php\/wp-json\/wp\/v2\/users\/1"}],"replies":[{"embeddable":true,"href":"https:\/\/diariorepublica.com.ar\/web\/index.php\/wp-json\/wp\/v2\/comments?post=26185"}],"version-history":[{"count":1,"href":"https:\/\/diariorepublica.com.ar\/web\/index.php\/wp-json\/wp\/v2\/posts\/26185\/revisions"}],"predecessor-version":[{"id":26187,"href":"https:\/\/diariorepublica.com.ar\/web\/index.php\/wp-json\/wp\/v2\/posts\/26185\/revisions\/26187"}],"wp:featuredmedia":[{"embeddable":true,"href":"https:\/\/diariorepublica.com.ar\/web\/index.php\/wp-json\/wp\/v2\/media\/26186"}],"wp:attachment":[{"href":"https:\/\/diariorepublica.com.ar\/web\/index.php\/wp-json\/wp\/v2\/media?parent=26185"}],"wp:term":[{"taxonomy":"category","embeddable":true,"href":"https:\/\/diariorepublica.com.ar\/web\/index.php\/wp-json\/wp\/v2\/categories?post=26185"},{"taxonomy":"post_tag","embeddable":true,"href":"https:\/\/diariorepublica.com.ar\/web\/index.php\/wp-json\/wp\/v2\/tags?post=26185"}],"curies":[{"name":"wp","href":"https:\/\/api.w.org\/{rel}","templated":true}]}}