{"id":26197,"date":"2025-09-04T11:02:58","date_gmt":"2025-09-04T14:02:58","guid":{"rendered":"https:\/\/diariorepublica.com.ar\/web\/?p=26197"},"modified":"2025-09-04T11:02:59","modified_gmt":"2025-09-04T14:02:59","slug":"con-inversion-extra-de-las-empresas-mineras-se-avanzara-con-infraestructura-en-la-puna-catamarquena","status":"publish","type":"post","link":"https:\/\/diariorepublica.com.ar\/web\/index.php\/locales\/2025\/09\/04\/con-inversion-extra-de-las-empresas-mineras-se-avanzara-con-infraestructura-en-la-puna-catamarquena\/","title":{"rendered":"Con inversi\u00f3n extra de las empresas mineras, se avanzar\u00e1 con infraestructura en la Puna catamarque\u00f1a"},"content":{"rendered":"<p>En Casa de Gobierno, el gobernador Ra\u00fal Jalil mantuvo reuniones con directivos de las empresas mineras que operan en la Puna catamarque\u00f1a: Park Hyeon, presidente de POSCO Argentina; Juan Pablo Vargas de la Vega, CEO de Galan Lithium; y David Dickson y B\u00e1rbara Cozzi, CEO y Country Manager de Lake Resources.<\/p>\n<p>En los encuentros con las autoridades mineras se analizaron las inversiones proyectadas de cada empresa, los avances de los proyectos mineros en la regi\u00f3n, se reafirm\u00f3 el compromiso empresarial con la pol\u00edtica minera provincial y el desarrollo de las comunidades.<\/p>\n<p>Los empresarios ratificaron su compromiso con el desarrollo minero de Catamarca y los aportes extras-espec\u00edficos para obras claves, como la continuidad de la pavimentaci\u00f3n Ruta Provincial N\u00b043 hasta el l\u00edmite con Salta (en los primeros d\u00edas de octubre se retomar\u00e1n los trabajos) y la construcci\u00f3n de un by pass que permitir\u00e1 conectar directamente con el camino a la zona minera del Salar del Hombre Muerto, evitando el ingreso a la zona urbana en la Villa de Antofagasta.<\/p>\n<p>En materia de inversiones, hay que recordar que, d\u00edas atr\u00e1s, Galan Lithium recibi\u00f3 la aprobaci\u00f3n de adhesi\u00f3n al RIGI para realizar una inversi\u00f3n de 217 millones de d\u00f3lares en el Proyecto Hombre Muerto West (HMW)\u00a0en\u00a0la\u00a0Puna.<\/p>\n","protected":false},"excerpt":{"rendered":"<p>En Casa de Gobierno, el gobernador Ra\u00fal Jalil mantuvo reuniones con directivos de las empresas mineras que operan en la<\/p>\n","protected":false},"author":1,"featured_media":26198,"comment_status":"closed","ping_status":"closed","sticky":false,"template":"","format":"standard","meta":{"footnotes":"","jetpack_publicize_message":"","jetpack_publicize_feature_enabled":true,"jetpack_social_post_already_shared":true,"jetpack_social_options":{"image_generator_settings":{"template":"highway","enabled":false},"version":2}},"categories":[2],"tags":[],"class_list":["post-26197","post","type-post","status-publish","format-standard","has-post-thumbnail","hentry","category-locales"],"jetpack_publicize_connections":[],"_links":{"self":[{"href":"https:\/\/diariorepublica.com.ar\/web\/index.php\/wp-json\/wp\/v2\/posts\/26197"}],"collection":[{"href":"https:\/\/diariorepublica.com.ar\/web\/index.php\/wp-json\/wp\/v2\/posts"}],"about":[{"href":"https:\/\/diariorepublica.com.ar\/web\/index.php\/wp-json\/wp\/v2\/types\/post"}],"author":[{"embeddable":true,"href":"https:\/\/diariorepublica.com.ar\/web\/index.php\/wp-json\/wp\/v2\/users\/1"}],"replies":[{"embeddable":true,"href":"https:\/\/diariorepublica.com.ar\/web\/index.php\/wp-json\/wp\/v2\/comments?post=26197"}],"version-history":[{"count":1,"href":"https:\/\/diariorepublica.com.ar\/web\/index.php\/wp-json\/wp\/v2\/posts\/26197\/revisions"}],"predecessor-version":[{"id":26199,"href":"https:\/\/diariorepublica.com.ar\/web\/index.php\/wp-json\/wp\/v2\/posts\/26197\/revisions\/26199"}],"wp:featuredmedia":[{"embeddable":true,"href":"https:\/\/diariorepublica.com.ar\/web\/index.php\/wp-json\/wp\/v2\/media\/26198"}],"wp:attachment":[{"href":"https:\/\/diariorepublica.com.ar\/web\/index.php\/wp-json\/wp\/v2\/media?parent=26197"}],"wp:term":[{"taxonomy":"category","embeddable":true,"href":"https:\/\/diariorepublica.com.ar\/web\/index.php\/wp-json\/wp\/v2\/categories?post=26197"},{"taxonomy":"post_tag","embeddable":true,"href":"https:\/\/diariorepublica.com.ar\/web\/index.php\/wp-json\/wp\/v2\/tags?post=26197"}],"curies":[{"name":"wp","href":"https:\/\/api.w.org\/{rel}","templated":true}]}}