{"id":26212,"date":"2025-09-04T08:23:00","date_gmt":"2025-09-04T11:23:00","guid":{"rendered":"https:\/\/diariorepublica.com.ar\/web\/?p=26212"},"modified":"2025-09-04T11:25:26","modified_gmt":"2025-09-04T14:25:26","slug":"uruguay-vs-peru-por-las-eliminatorias","status":"publish","type":"post","link":"https:\/\/diariorepublica.com.ar\/web\/index.php\/deportes\/2025\/09\/04\/uruguay-vs-peru-por-las-eliminatorias\/","title":{"rendered":"Uruguay vs. Per\u00fa, por las Eliminatorias"},"content":{"rendered":"<p><b>Uruguay<\/b>\u00a0recibir\u00e1 a\u00a0<b>Per\u00fa<\/b>\u00a0en el Estadio Centenario el jueves a partir de las 20.30 por la fecha 17 de las\u00a0<b>Eliminatorias Sudamericanas\u00a0<\/b>rumbo al<b>\u00a0Mundial 2026\u00a0<\/b>que se desarrollar\u00e1 en Estados Unidos, M\u00e9xico y Canad\u00e1.<\/p>\n<p>La Celeste de<b>\u00a0Marcelo Bielsa<\/b>\u00a0quiere clasificarse al Mundial ante su gente, mientras que La Bicolor est\u00e1 muy complicada, tiene que ganar ambos partidos y esperar resultados para jugar el repechaje<\/p>\n<p><b>Uruguay est\u00e1 a punto de jugar el Mundial 2026.<\/b>\u00a0La Celeste de Marcelo Bielsa, que acumula 24 puntos hasta el momento,\u00a0<b>con sumar un punto se clasificar\u00e1 de manera directa<\/b>. Sin embargo, de los \u00faltimos cinco jugados, gan\u00f3 apenas uno: 2-0 a Venezuela. El experimentado Jos\u00e9 Mar\u00eda Gim\u00e9nez, Maximiliano Araujo y Nicol\u00e1s de la Cruz quedaron afuera de la convocatoria por diversas lesiones. Por otro lado, Ronald Araujo, Nahitan N\u00e1ndez y Darwin N\u00fa\u00f1ez tendr\u00e1n que cumplir una fecha de suspensi\u00f3n ante Per\u00fa y podr\u00e1n reaparecer frente a Chile.<\/p>\n<p><b>Per\u00fa, en cambio, est\u00e1 sobre las cuerdas<\/b>. La Bicolor est\u00e1 ante\u00faltima con 12 puntos y\u00a0<b>necesita un milagro, ya que debe sumar de a tres en ambos encuentros y esperar resultados para jugar el repechaje.<\/b>\u00a0<i>\u00abNosotros no tenemos margen de error, tenemos que ir a ganar, solo nos conviene un resultado, que es ganar\u201c,<\/i>\u00a0declar\u00f3 Yoshimar Yot\u00fan en la antesala del encuentro crucial. Paolo Guerrero, Edison Flores y Alex Valera ser\u00e1n baja por lesi\u00f3n; mientras que Renato Tapia est\u00e1 suspendido por acumulaci\u00f3n de amarillas.<\/p>\n<ul>\n<li>Hora: 20.30<\/li>\n<li>TV: TyC Sports Play<\/li>\n<li>\u00c1rbitro:\u00a0Facundo Tello (ARG)<\/li>\n<li>VAR: Silvio Trucco (ARG)<\/li>\n<li>Estadio: Centenario<\/li>\n<\/ul>\n<p>tycsports.com<\/p>\n","protected":false},"excerpt":{"rendered":"<p>Uruguay\u00a0recibir\u00e1 a\u00a0Per\u00fa\u00a0en el Estadio Centenario el jueves a partir de las 20.30 por la fecha 17 de las\u00a0Eliminatorias Sudamericanas\u00a0rumbo al\u00a0Mundial<\/p>\n","protected":false},"author":1,"featured_media":26213,"comment_status":"closed","ping_status":"closed","sticky":false,"template":"","format":"standard","meta":{"footnotes":"","jetpack_publicize_message":"","jetpack_publicize_feature_enabled":true,"jetpack_social_post_already_shared":true,"jetpack_social_options":{"image_generator_settings":{"template":"highway","enabled":false},"version":2}},"categories":[9],"tags":[],"class_list":["post-26212","post","type-post","status-publish","format-standard","has-post-thumbnail","hentry","category-deportes"],"jetpack_publicize_connections":[],"_links":{"self":[{"href":"https:\/\/diariorepublica.com.ar\/web\/index.php\/wp-json\/wp\/v2\/posts\/26212"}],"collection":[{"href":"https:\/\/diariorepublica.com.ar\/web\/index.php\/wp-json\/wp\/v2\/posts"}],"about":[{"href":"https:\/\/diariorepublica.com.ar\/web\/index.php\/wp-json\/wp\/v2\/types\/post"}],"author":[{"embeddable":true,"href":"https:\/\/diariorepublica.com.ar\/web\/index.php\/wp-json\/wp\/v2\/users\/1"}],"replies":[{"embeddable":true,"href":"https:\/\/diariorepublica.com.ar\/web\/index.php\/wp-json\/wp\/v2\/comments?post=26212"}],"version-history":[{"count":1,"href":"https:\/\/diariorepublica.com.ar\/web\/index.php\/wp-json\/wp\/v2\/posts\/26212\/revisions"}],"predecessor-version":[{"id":26214,"href":"https:\/\/diariorepublica.com.ar\/web\/index.php\/wp-json\/wp\/v2\/posts\/26212\/revisions\/26214"}],"wp:featuredmedia":[{"embeddable":true,"href":"https:\/\/diariorepublica.com.ar\/web\/index.php\/wp-json\/wp\/v2\/media\/26213"}],"wp:attachment":[{"href":"https:\/\/diariorepublica.com.ar\/web\/index.php\/wp-json\/wp\/v2\/media?parent=26212"}],"wp:term":[{"taxonomy":"category","embeddable":true,"href":"https:\/\/diariorepublica.com.ar\/web\/index.php\/wp-json\/wp\/v2\/categories?post=26212"},{"taxonomy":"post_tag","embeddable":true,"href":"https:\/\/diariorepublica.com.ar\/web\/index.php\/wp-json\/wp\/v2\/tags?post=26212"}],"curies":[{"name":"wp","href":"https:\/\/api.w.org\/{rel}","templated":true}]}}