{"id":26215,"date":"2025-09-04T09:25:00","date_gmt":"2025-09-04T12:25:00","guid":{"rendered":"https:\/\/diariorepublica.com.ar\/web\/?p=26215"},"modified":"2025-09-04T11:27:43","modified_gmt":"2025-09-04T14:27:43","slug":"paraguay-vs-ecuador-por-las-eliminatorias","status":"publish","type":"post","link":"https:\/\/diariorepublica.com.ar\/web\/index.php\/deportes\/2025\/09\/04\/paraguay-vs-ecuador-por-las-eliminatorias\/","title":{"rendered":"Paraguay vs. Ecuador, por las Eliminatorias"},"content":{"rendered":"<p>En un Estadio Defensores del Chaco que estar\u00e1 colmado,<b>\u00a0Paraguay y Ecuador\u00a0<\/b>se medir\u00e1n el jueves a partir de las 20.30 por la fecha 17 de las\u00a0<b>Eliminatorias Sudamericanas\u00a0<\/b>rumbo al\u00a0<b>Mundial 2026\u00a0<\/b>que se jugar\u00e1 en Estados Unidos, M\u00e9xico y Canad\u00e1.<\/p>\n<p>La Albirroja quiere seguir invicto en su pa\u00eds y con un punto se meter\u00e1 a la pr\u00f3xima Copa del Mundo, mientras que La Tri ya est\u00e1 clasificada<\/p>\n<p><b>Paraguay viene de caer 1-0 ante Brasil de visitante y ahi perdi\u00f3 el invicto que ten\u00eda<\/b>. Sin embargo, la Albirroja tiene 24 puntos y\u00a0<b>est\u00e1 a un solo empate de conseguir su boleto a un Mundial, algo que no consigue desde Sud\u00e1frica 2010<\/b>. En caso de que el equipo de\u00a0<b>Gustavo Alfaro<\/b>\u00a0obtenga este logro\u00a0el gobierno podr\u00eda dictar feriado nacional.\u00a0Las bajas por diversas lesiones son: Isidro Pitta, Ronaldo Dejes\u00fas, Math\u00edas Villasanti, Julio Enciso y Fabi\u00e1n Balbuena. Ronaldo Mart\u00ednez, delantero de Platense, fue citado por primera vez.<\/p>\n<p><b>Ecuador, que cerrar\u00e1 la doble fecha recibiendo a Argentina, disputar\u00e1 los \u00faltimos dos partidos ya clasificado al Mundial.<\/b>\u00a0La Tri no pierde desde septiembre del 2024 y acumula tres 0-0; el \u00faltimo fue ante Per\u00fa y gracias a ese punto se meti\u00f3 en la pr\u00f3xima Copa del Mundo. El ex Talleres Alan Franco ser\u00e1 baja para este duelo ya que fue expulsado en la \u00faltima fecha. Ecuador buscar\u00e1 ganar por primera vez en suelo paraguayo por Eliminatorias.<\/p>\n<ul>\n<li>Hora: 20.30<\/li>\n<li>TV: TyC Sports Play<\/li>\n<li>\u00c1rbitro: Raphael Claus (BRA)<\/li>\n<li>VAR: Rodolpho Toski (BRA)<\/li>\n<li>Estadio: Defensores del Chaco<\/li>\n<\/ul>\n<p>tycsports.com<\/p>\n","protected":false},"excerpt":{"rendered":"<p>En un Estadio Defensores del Chaco que estar\u00e1 colmado,\u00a0Paraguay y Ecuador\u00a0se medir\u00e1n el jueves a partir de las 20.30 por<\/p>\n","protected":false},"author":1,"featured_media":26216,"comment_status":"closed","ping_status":"closed","sticky":false,"template":"","format":"standard","meta":{"footnotes":"","jetpack_publicize_message":"","jetpack_publicize_feature_enabled":true,"jetpack_social_post_already_shared":true,"jetpack_social_options":{"image_generator_settings":{"template":"highway","enabled":false},"version":2}},"categories":[9],"tags":[],"class_list":["post-26215","post","type-post","status-publish","format-standard","has-post-thumbnail","hentry","category-deportes"],"jetpack_publicize_connections":[],"_links":{"self":[{"href":"https:\/\/diariorepublica.com.ar\/web\/index.php\/wp-json\/wp\/v2\/posts\/26215"}],"collection":[{"href":"https:\/\/diariorepublica.com.ar\/web\/index.php\/wp-json\/wp\/v2\/posts"}],"about":[{"href":"https:\/\/diariorepublica.com.ar\/web\/index.php\/wp-json\/wp\/v2\/types\/post"}],"author":[{"embeddable":true,"href":"https:\/\/diariorepublica.com.ar\/web\/index.php\/wp-json\/wp\/v2\/users\/1"}],"replies":[{"embeddable":true,"href":"https:\/\/diariorepublica.com.ar\/web\/index.php\/wp-json\/wp\/v2\/comments?post=26215"}],"version-history":[{"count":1,"href":"https:\/\/diariorepublica.com.ar\/web\/index.php\/wp-json\/wp\/v2\/posts\/26215\/revisions"}],"predecessor-version":[{"id":26217,"href":"https:\/\/diariorepublica.com.ar\/web\/index.php\/wp-json\/wp\/v2\/posts\/26215\/revisions\/26217"}],"wp:featuredmedia":[{"embeddable":true,"href":"https:\/\/diariorepublica.com.ar\/web\/index.php\/wp-json\/wp\/v2\/media\/26216"}],"wp:attachment":[{"href":"https:\/\/diariorepublica.com.ar\/web\/index.php\/wp-json\/wp\/v2\/media?parent=26215"}],"wp:term":[{"taxonomy":"category","embeddable":true,"href":"https:\/\/diariorepublica.com.ar\/web\/index.php\/wp-json\/wp\/v2\/categories?post=26215"},{"taxonomy":"post_tag","embeddable":true,"href":"https:\/\/diariorepublica.com.ar\/web\/index.php\/wp-json\/wp\/v2\/tags?post=26215"}],"curies":[{"name":"wp","href":"https:\/\/api.w.org\/{rel}","templated":true}]}}