{"id":2623,"date":"2023-05-10T08:44:00","date_gmt":"2023-05-10T11:44:00","guid":{"rendered":"https:\/\/diariorepublica.com.ar\/web\/?p=2623"},"modified":"2023-05-10T07:46:29","modified_gmt":"2023-05-10T10:46:29","slug":"buscan-avanzar-con-un-proyecto-para-reducir-la-semana-laboral-a-cuatro-dias","status":"publish","type":"post","link":"https:\/\/diariorepublica.com.ar\/web\/index.php\/nacionales\/2023\/05\/10\/buscan-avanzar-con-un-proyecto-para-reducir-la-semana-laboral-a-cuatro-dias\/","title":{"rendered":"Buscan avanzar con un proyecto para reducir la semana laboral a cuatro d\u00edas"},"content":{"rendered":"<p>El Senado de la Naci\u00f3n convoc\u00f3 a constituir la Comisi\u00f3n de Trabajo y Previsi\u00f3n Social, que iniciar\u00e1 su a\u00f1o parlamentario con una reuni\u00f3n en la que se desplegar\u00e1 la agenda del a\u00f1o que, entre otros asuntos,\u00a0<b>tiene el proyecto de ley de reducci\u00f3n de la jornada laboral<\/b>\u00a0firmado por el oficialista porte\u00f1o Mariano Recalde.<\/p>\n<p>La reuni\u00f3n se llevar\u00e1 a cabo hoy, desde las 13.30 en el Sal\u00f3n Arturo Illia de la C\u00e1mara alta, donde, adem\u00e1s, los legisladores deber\u00e1n designar a las autoridades de la Comisi\u00f3n.<\/p>\n<p>Hasta diciembre, la presidenta del cuerpo es la oficialista bonaerense Juliana Di Tullio, y el Frente de Todos manten\u00eda mayor\u00eda absoluta.<\/p>\n<p>Sin embargo, desde marzo, con la escisi\u00f3n de cuatro legisladores del interbloque oficialista para conformar la bancada Unidad Federal, el bloque de Juntos por el Cambio se convirti\u00f3 en la primera minor\u00eda.<\/p>\n<p>La semana pasada\u00a0<strong>Recalde present\u00f3 una serie de proyectos de ley que apuntan a reformar las normas laborales vigentes<\/strong>, entre ellos uno que impulsa la reducci\u00f3n de la jornada de trabajo de 48 a 36 horas semanales, con el objetivo de promover la semana laboral de cuatro d\u00edas.<\/p>\n<p>En ese sentido, se reducen todos los m\u00e1ximos legales: r\u00e9gimen diurno, nocturno, trabajo insalubre y reg\u00edmenes especiales.<\/p>\n<p>Seg\u00fan el autor, esta reducci\u00f3n \u00ab<b>permitir\u00e1 mejorar la distribuci\u00f3n del trabajo existente y crear empleo, incrementar la productividad, mejorar la calidad de vida, disminuir los accidentes, reducir los costos empresarios, el impacto ecol\u00f3gico y sanitario<\/b>\u00ab.<\/p>\n","protected":false},"excerpt":{"rendered":"<p>El Senado de la Naci\u00f3n convoc\u00f3 a constituir la Comisi\u00f3n de Trabajo y Previsi\u00f3n Social, que iniciar\u00e1 su a\u00f1o parlamentario<\/p>\n","protected":false},"author":1,"featured_media":2624,"comment_status":"closed","ping_status":"closed","sticky":false,"template":"","format":"standard","meta":{"footnotes":"","jetpack_publicize_message":"","jetpack_publicize_feature_enabled":true,"jetpack_social_post_already_shared":false,"jetpack_social_options":{"image_generator_settings":{"template":"highway","enabled":false},"version":2}},"categories":[4],"tags":[],"class_list":["post-2623","post","type-post","status-publish","format-standard","has-post-thumbnail","hentry","category-nacionales"],"jetpack_publicize_connections":[],"_links":{"self":[{"href":"https:\/\/diariorepublica.com.ar\/web\/index.php\/wp-json\/wp\/v2\/posts\/2623"}],"collection":[{"href":"https:\/\/diariorepublica.com.ar\/web\/index.php\/wp-json\/wp\/v2\/posts"}],"about":[{"href":"https:\/\/diariorepublica.com.ar\/web\/index.php\/wp-json\/wp\/v2\/types\/post"}],"author":[{"embeddable":true,"href":"https:\/\/diariorepublica.com.ar\/web\/index.php\/wp-json\/wp\/v2\/users\/1"}],"replies":[{"embeddable":true,"href":"https:\/\/diariorepublica.com.ar\/web\/index.php\/wp-json\/wp\/v2\/comments?post=2623"}],"version-history":[{"count":1,"href":"https:\/\/diariorepublica.com.ar\/web\/index.php\/wp-json\/wp\/v2\/posts\/2623\/revisions"}],"predecessor-version":[{"id":2625,"href":"https:\/\/diariorepublica.com.ar\/web\/index.php\/wp-json\/wp\/v2\/posts\/2623\/revisions\/2625"}],"wp:featuredmedia":[{"embeddable":true,"href":"https:\/\/diariorepublica.com.ar\/web\/index.php\/wp-json\/wp\/v2\/media\/2624"}],"wp:attachment":[{"href":"https:\/\/diariorepublica.com.ar\/web\/index.php\/wp-json\/wp\/v2\/media?parent=2623"}],"wp:term":[{"taxonomy":"category","embeddable":true,"href":"https:\/\/diariorepublica.com.ar\/web\/index.php\/wp-json\/wp\/v2\/categories?post=2623"},{"taxonomy":"post_tag","embeddable":true,"href":"https:\/\/diariorepublica.com.ar\/web\/index.php\/wp-json\/wp\/v2\/tags?post=2623"}],"curies":[{"name":"wp","href":"https:\/\/api.w.org\/{rel}","templated":true}]}}