{"id":26238,"date":"2025-09-05T07:44:23","date_gmt":"2025-09-05T10:44:23","guid":{"rendered":"https:\/\/diariorepublica.com.ar\/web\/?p=26238"},"modified":"2025-09-05T07:44:25","modified_gmt":"2025-09-05T10:44:25","slug":"javier-milei-se-reunio-con-el-presidente-del-instituto-milken-y-empresarios-de-peso-del-establishment-estadounidense","status":"publish","type":"post","link":"https:\/\/diariorepublica.com.ar\/web\/index.php\/politica\/2025\/09\/05\/javier-milei-se-reunio-con-el-presidente-del-instituto-milken-y-empresarios-de-peso-del-establishment-estadounidense\/","title":{"rendered":"Javier Milei se reuni\u00f3 con el presidente del Instituto Milken y empresarios de peso del establishment estadounidense"},"content":{"rendered":"<p>El presidente Javier Milei se reuni\u00f3 en Los \u00c1ngeles con Michael Milken, titular del Instituto Milken, en un encuentro que cont\u00f3 con la presencia de referentes del mundo financiero y empresario. Entre los asistentes se destacaron Adam Levinson, Behdad Eghbali, Olivier de Givenchy, Ryan McInerney y Jay Collins, adem\u00e1s de otros ejecutivos de peso.<\/p>\n<p>Milei estuvo acompa\u00f1ado por el ministro de Econom\u00eda, Luis Caputo, y el embajador argentino en EEUU, Alejandro Oxenford. La cita forma parte de la estrategia del Gobierno para atraer inversiones y consolidar v\u00ednculos con el establishment norteamericano, especialmente en sectores como energ\u00eda, finanzas y tecnolog\u00eda.<\/p>\n<p>El viaje se produce en medio de la tensi\u00f3n pol\u00edtica interna que atraviesa la Casa Rosada, aunque el oficialismo busc\u00f3 enviar una se\u00f1al de respaldo internacional con esta reuni\u00f3n.<\/p>\n<p>En su primera jornada en EEUU, el Presidente tambi\u00e9n se reuni\u00f3 con\u00a0<strong>Noel de Castro<\/strong>, quien se convertir\u00e1 en la\u00a0<strong data-start=\"462\" data-end=\"495\">primera astronauta argentina. Del encuentro tambi\u00e9n participaron Caputo y\u00a0<\/strong><strong data-start=\"296\" data-end=\"358\">Oxenford.<\/strong><\/p>\n<p data-start=\"362\" data-end=\"763\"><strong data-start=\"362\" data-end=\"425\">Mar\u00eda Noel de Castro Campos, de 27 a\u00f1os y oriunda de Salta<\/strong>, es ingeniera biom\u00e9dica egresada de la\u00a0<strong data-start=\"534\" data-end=\"559\">Universidad Favaloro,<\/strong>\u00a0especializada en\u00a0<strong data-start=\"577\" data-end=\"597\">bioastron\u00e1utica,<\/strong>\u00a0y\u00a0<strong>participar\u00e1 en una misi\u00f3n espacial\u00a0<\/strong>impulsada por compa\u00f1\u00edas privadas. El viaje est\u00e1\u00a0<strong>programado para 2027.<\/strong><\/p>\n<div id=\"8122525-Libre-377998984_wrap\" class=\"embed_cont type_imagen\" contenteditable=\"false\">\n<div id=\"8122525-Libre-377998984_content\" class=\"embed_content\"><img decoding=\"async\" id=\"8122525-Libre-377998984_embed\" title=\"De Castro, nacida en Salta en 1997, es ingeniera biom\u00e9dica recibida de la Universidad Favaloro y especializada en bioastron\u00e1utica.\" src=\"https:\/\/media.ambito.com\/p\/5e3c4a5feff61c90bf1923566a2c0c92\/adjuntos\/239\/imagenes\/042\/734\/0042734535\/730x0\/smart\/milei-casstro.jpg\" alt=\"De Castro, nacida en Salta en 1997, es ingeniera biom\u00e9dica recibida de la Universidad Favaloro y especializada en bioastron\u00e1utica.\" width=\"730\" height=\"undefined\" data-td-src-property=\"https:\/\/media.ambito.com\/p\/5e3c4a5feff61c90bf1923566a2c0c92\/adjuntos\/239\/imagenes\/042\/734\/0042734535\/730x0\/smart\/milei-casstro.jpg\" \/><\/div>\n<div id=\"8122525-Libre-377998984_epigrafe\" class=\"embed_epigrafe\">\n<p>De Castro, nacida en Salta en 1997, es ingeniera biom\u00e9dica recibida de la Universidad Favaloro y especializada en bioastron\u00e1utica.<\/p>\n<\/div>\n<\/div>\n<p>La misi\u00f3n se denomina\u00a0<strong>Private Astronaut Mission<\/strong>\u00a0(PAM) y tiene como destino la Estaci\u00f3n Espacial Internacional. Cada m\u00f3dulo tiene capacidad para transportar a cuatro astronautas, y\u00a0<strong>De Castro ser\u00e1 una de las representantes de Am\u00e9rica Latina.<\/strong><\/p>\n<p>Mientras finaliza su maestr\u00eda, la ingeniera comenz\u00f3 el entrenamiento espec\u00edfico para convertirse en\u00a0<strong>astronauta.<\/strong>\u00a0Algunas de las actividades que realiza incluyen\u00a0<strong>vuelos parab\u00f3licos, hipoxia, buceo, supervivencia y simulaciones en r\u00e9plicas digitales de escenarios reales<\/strong>, entre otras. \u201cLa preparaci\u00f3n es intensa, tanto f\u00edsica como mentalmente, pero tambi\u00e9n profundamente motivadora. Todo el tiempo est\u00e1s al l\u00edmite, pero sabiendo que vale la pena\u201d, expres\u00f3.<\/p>\n<p>\u201c<strong>Estudien, f\u00f3rmense, pregunten, rod\u00e9ense de personas que los impulsen<\/strong>. Recuerden que no necesitamos pedir permiso para so\u00f1ar:\u00a0<strong>necesitamos decidirnos a hacerlo realidad<\/strong>.\u00a0<strong>Argentina tiene talento de sobra para estar en el espacio<\/strong>, solo tenemos que creerlo y trabajar para lograrlo\u201d, le recomend\u00f3 la salte\u00f1a a los j\u00f3venes.<\/p>\n<p>ambito.com<\/p>\n","protected":false},"excerpt":{"rendered":"<p>El presidente Javier Milei se reuni\u00f3 en Los \u00c1ngeles con Michael Milken, titular del Instituto Milken, en un encuentro que<\/p>\n","protected":false},"author":1,"featured_media":26239,"comment_status":"closed","ping_status":"closed","sticky":false,"template":"","format":"standard","meta":{"footnotes":"","jetpack_publicize_message":"","jetpack_publicize_feature_enabled":true,"jetpack_social_post_already_shared":true,"jetpack_social_options":{"image_generator_settings":{"template":"highway","enabled":false},"version":2}},"categories":[12],"tags":[],"class_list":["post-26238","post","type-post","status-publish","format-standard","has-post-thumbnail","hentry","category-politica"],"jetpack_publicize_connections":[],"_links":{"self":[{"href":"https:\/\/diariorepublica.com.ar\/web\/index.php\/wp-json\/wp\/v2\/posts\/26238"}],"collection":[{"href":"https:\/\/diariorepublica.com.ar\/web\/index.php\/wp-json\/wp\/v2\/posts"}],"about":[{"href":"https:\/\/diariorepublica.com.ar\/web\/index.php\/wp-json\/wp\/v2\/types\/post"}],"author":[{"embeddable":true,"href":"https:\/\/diariorepublica.com.ar\/web\/index.php\/wp-json\/wp\/v2\/users\/1"}],"replies":[{"embeddable":true,"href":"https:\/\/diariorepublica.com.ar\/web\/index.php\/wp-json\/wp\/v2\/comments?post=26238"}],"version-history":[{"count":1,"href":"https:\/\/diariorepublica.com.ar\/web\/index.php\/wp-json\/wp\/v2\/posts\/26238\/revisions"}],"predecessor-version":[{"id":26240,"href":"https:\/\/diariorepublica.com.ar\/web\/index.php\/wp-json\/wp\/v2\/posts\/26238\/revisions\/26240"}],"wp:featuredmedia":[{"embeddable":true,"href":"https:\/\/diariorepublica.com.ar\/web\/index.php\/wp-json\/wp\/v2\/media\/26239"}],"wp:attachment":[{"href":"https:\/\/diariorepublica.com.ar\/web\/index.php\/wp-json\/wp\/v2\/media?parent=26238"}],"wp:term":[{"taxonomy":"category","embeddable":true,"href":"https:\/\/diariorepublica.com.ar\/web\/index.php\/wp-json\/wp\/v2\/categories?post=26238"},{"taxonomy":"post_tag","embeddable":true,"href":"https:\/\/diariorepublica.com.ar\/web\/index.php\/wp-json\/wp\/v2\/tags?post=26238"}],"curies":[{"name":"wp","href":"https:\/\/api.w.org\/{rel}","templated":true}]}}