{"id":26256,"date":"2025-09-05T06:59:00","date_gmt":"2025-09-05T09:59:00","guid":{"rendered":"https:\/\/diariorepublica.com.ar\/web\/?p=26256"},"modified":"2025-09-05T08:00:28","modified_gmt":"2025-09-05T11:00:28","slug":"messi-a-corazon-abierto-mi-sueno-era-tener-carino-en-mi-pais","status":"publish","type":"post","link":"https:\/\/diariorepublica.com.ar\/web\/index.php\/deportes\/2025\/09\/05\/messi-a-corazon-abierto-mi-sueno-era-tener-carino-en-mi-pais\/","title":{"rendered":"Messi, a coraz\u00f3n abierto: \u00abMi sue\u00f1o era tener cari\u00f1o en mi pa\u00eds\u00bb"},"content":{"rendered":"<article id=\"article-post\" class=\"first\">\n<div class=\"cuerpo\" data-twitter-link=\"https:\/\/twitter.com\/intent\/tweet?url=https:\/\/www.diariopopular.com.ar\/c860485&amp;via=poopulardiario&amp;related=Popular&amp;text=\">\n<p><strong>Lionel Messi disput\u00f3 su \u00faltimo partido oficial con la Selecci\u00f3n Argentina en el pa\u00eds en el triunfo 3 a 0 a Venezuela<\/strong>, llevado a cabo en el Monumental, por la ante\u00faltima fecha de Eliminatorias Sudamericanas al Mundial 2026.<strong>\u00a0Leo se emocion\u00f3 en la previa, luego marc\u00f3 un doblete y tras la goleada le habl\u00f3 a todos los argentinos a coraz\u00f3n abierto.<\/strong><\/p>\n<\/div>\n<\/article>\n<article id=\"article-post\">\n<div class=\"cuerpo\" data-twitter-link=\"https:\/\/twitter.com\/intent\/tweet?url=https:\/\/www.diariopopular.com.ar\/c860485&amp;via=poopulardiario&amp;related=Popular&amp;text=\">\n<p>\u00abMuchas emociones, sabiendo que era el \u00faltimo ac\u00e1 por los puntos. Viv\u00ed muchas cosas en esta cancha, buenas y no tan buenas, pero siempre es una alegr\u00eda jugar en Argentina, adelante de nuestra gente.<strong>\u00a0M\u00e1s obviamente despu\u00e9s de ganar. Hace muchos a\u00f1os venimos disfrutando partido tras partido. Muy feliz\u00bb,<\/strong>\u00a0afirm\u00f3 el rosarino.<\/p>\n<p>\u00abPoder terminar de esta manera ac\u00e1 es lo que siempre so\u00f1\u00e9. Poder estar con mi gente&#8230; Por muchos a\u00f1os tuve cari\u00f1o en Barcelona, lo tengo&#8230;\u00a0<strong>Mi sue\u00f1o era tenerlo ac\u00e1 en mi pa\u00eds, con mi gente. Durante muchos a\u00f1os se hablaron muchas cosas, pero me quedo con todo lo bueno<\/strong>, con el grupo que lo intent\u00f3 y no consigui\u00f3 consagrarse. Se me dio a m\u00ed y a algunos de esa camada\u00bb.<\/p>\n<div id=\"embed23_wrap\" class=\"embed_cont type_freetext\" contenteditable=\"false\">\n<div id=\"embed23_content\" class=\"embed_content\">\n<div id=\"embed23_embed\"><iframe loading=\"lazy\" title=\"YouTube video player\" src=\"https:\/\/www.youtube.com\/embed\/33_ZcsFtr1o?si=dSPCGCroSfMzOx0R\" width=\"560\" height=\"315\" frameborder=\"0\" allowfullscreen=\"allowfullscreen\" data-gtm-yt-inspected-14=\"true\" data-mce-fragment=\"1\"><\/iframe><\/div>\n<\/div>\n<div id=\"embed23_epigrafe\" class=\"embed_epigrafe\"><\/div>\n<div id=\"embed23_copyright\" class=\"embed_copyright\"><\/div>\n<\/div>\n<h2><\/h2>\n<p>Por \u00faltimo,<strong>\u00a0fue consultado sobre si ya decidi\u00f3 si participar\u00e1 del pr\u00f3ximo Mundial 2026<\/strong>. Reconoci\u00f3 que \u00abnueve meses pasan muy r\u00e1pido\u00bb y dej\u00f3 en claro que su intenci\u00f3n es llegar en \u00f3ptimas condiciones a esa \u00e9poca en 2026: \u00abLo mismo que dije en su momento.<strong>\u00a0Lo m\u00e1s l\u00f3gico era que no llegue. Pero bueno, ya estamos ah\u00ed, estoy ilusionado, con ganas, pero como dije siempre, voy d\u00eda a d\u00eda, partido tras partido.<\/strong>\u00a0Este a\u00f1o tuvimos much\u00edsimos partidos\u00bb.<\/p>\n<p>\u00abLo que s\u00ed est\u00e1 claro es que hoy era el \u00faltimo por los puntos ac\u00e1. De ahora en m\u00e1s, d\u00eda a d\u00eda, tratando de sentirme bien y ser sincero conmigo mismo.\u00a0<strong>Cuando me siento bien, disfruto. Si no estoy, la verdad la paso mal, prefiero no estar\u00bb<\/strong><strong>,\u00a0<\/strong>sentenci\u00f3 el capit\u00e1n de todos los argentinos.<\/p>\n<\/div>\n<\/article>\n","protected":false},"excerpt":{"rendered":"<p>Lionel Messi disput\u00f3 su \u00faltimo partido oficial con la Selecci\u00f3n Argentina en el pa\u00eds en el triunfo 3 a 0<\/p>\n","protected":false},"author":1,"featured_media":26257,"comment_status":"closed","ping_status":"closed","sticky":false,"template":"","format":"standard","meta":{"footnotes":"","jetpack_publicize_message":"","jetpack_publicize_feature_enabled":true,"jetpack_social_post_already_shared":true,"jetpack_social_options":{"image_generator_settings":{"template":"highway","enabled":false},"version":2}},"categories":[9],"tags":[],"class_list":["post-26256","post","type-post","status-publish","format-standard","has-post-thumbnail","hentry","category-deportes"],"jetpack_publicize_connections":[],"_links":{"self":[{"href":"https:\/\/diariorepublica.com.ar\/web\/index.php\/wp-json\/wp\/v2\/posts\/26256"}],"collection":[{"href":"https:\/\/diariorepublica.com.ar\/web\/index.php\/wp-json\/wp\/v2\/posts"}],"about":[{"href":"https:\/\/diariorepublica.com.ar\/web\/index.php\/wp-json\/wp\/v2\/types\/post"}],"author":[{"embeddable":true,"href":"https:\/\/diariorepublica.com.ar\/web\/index.php\/wp-json\/wp\/v2\/users\/1"}],"replies":[{"embeddable":true,"href":"https:\/\/diariorepublica.com.ar\/web\/index.php\/wp-json\/wp\/v2\/comments?post=26256"}],"version-history":[{"count":1,"href":"https:\/\/diariorepublica.com.ar\/web\/index.php\/wp-json\/wp\/v2\/posts\/26256\/revisions"}],"predecessor-version":[{"id":26258,"href":"https:\/\/diariorepublica.com.ar\/web\/index.php\/wp-json\/wp\/v2\/posts\/26256\/revisions\/26258"}],"wp:featuredmedia":[{"embeddable":true,"href":"https:\/\/diariorepublica.com.ar\/web\/index.php\/wp-json\/wp\/v2\/media\/26257"}],"wp:attachment":[{"href":"https:\/\/diariorepublica.com.ar\/web\/index.php\/wp-json\/wp\/v2\/media?parent=26256"}],"wp:term":[{"taxonomy":"category","embeddable":true,"href":"https:\/\/diariorepublica.com.ar\/web\/index.php\/wp-json\/wp\/v2\/categories?post=26256"},{"taxonomy":"post_tag","embeddable":true,"href":"https:\/\/diariorepublica.com.ar\/web\/index.php\/wp-json\/wp\/v2\/tags?post=26256"}],"curies":[{"name":"wp","href":"https:\/\/api.w.org\/{rel}","templated":true}]}}