{"id":26286,"date":"2025-09-08T14:28:00","date_gmt":"2025-09-08T17:28:00","guid":{"rendered":"https:\/\/diariorepublica.com.ar\/web\/?p=26286"},"modified":"2025-09-08T12:29:31","modified_gmt":"2025-09-08T15:29:31","slug":"sin-messi-la-seleccion-argentina-cierra-las-eliminatorias-sudamericanas-en-su-visita-a-su-par-de-ecuador","status":"publish","type":"post","link":"https:\/\/diariorepublica.com.ar\/web\/index.php\/deportes\/2025\/09\/08\/sin-messi-la-seleccion-argentina-cierra-las-eliminatorias-sudamericanas-en-su-visita-a-su-par-de-ecuador\/","title":{"rendered":"Sin Messi, la Selecci\u00f3n argentina cierra las Eliminatorias Sudamericanas en su visita a su par de\u00a0Ecuador"},"content":{"rendered":"<p>La<strong>\u00a0Selecci\u00f3n argentina<\/strong>, sin su astro y capit\u00e1n Lionel Messi,\u00a0<strong>visitar\u00e1 este martes a su par de Ecuador<\/strong>\u00a0en el marco de la<strong>\u00a0\u00faltima fecha de las Eliminatorias Sudamericanas<\/strong>\u00a0rumbo a la Copa del Mundo de Estados Unidos, M\u00e9xico y Canad\u00e1 2026.<\/p>\n<p>El encuentro se disputar\u00e1 en el\u00a0<strong>estadio Banco Pichincha de Guayaquil desde las 20 horas<\/strong>, con el\u00a0<strong>arbitraje del colombiano Wilmar Rold\u00e1n<\/strong>. La transmisi\u00f3n estar\u00e1 a cargo de\u00a0<strong>TyC Sports y Telefe.<\/strong><\/p>\n<p>El equipo del entrenador Lionel Scaloni\u00a0<strong>viene de golear 3-0 a su par de Venezuela<\/strong>, el pasado jueves, en el marco de la ante\u00faltima fecha de las Eliminatorias Sudamericanas.\u00a0<strong>Ya clasificada al Mundial del a\u00f1o siguiente y habi\u00e9ndose asegurado el primer puesto\u00a0<\/strong>hace algunas jornadas, la Selecci\u00f3n argentina\u00a0<strong>disfrut\u00f3 de la \u00faltima funci\u00f3n de su capit\u00e1n Lionel Messi con la camiseta albiceleste en el pa\u00eds<\/strong>.<\/p>\n<p>Justamente,\u00a0<strong>el astro argentino no viaj\u00f3 a Ecuador y no estar\u00e1 presente en este cierre de las Eliminatorias Sudamericanas\u00a0<\/strong>donde Scaloni planea hacer varios cambios ya con la clasificaci\u00f3n y el primer puesto asegurado.<\/p>\n<p>El entrenador har\u00e1 cuatro modificaciones: el defensor central\u00a0<strong>Leonardo Balerdi ingresar\u00e1 por Cristi\u00e1n Romero<\/strong>, el mediocampista<strong>\u00a0Alexis Mac Allister reemplazar\u00e1 a Franco Mastantuono<\/strong>,\u00a0<strong>Nicol\u00e1s Paz lo har\u00e1 por Thiago Almada<\/strong>\u00a0y el delantero\u00a0<strong>Nicol\u00e1s Gonz\u00e1lez ocupar\u00e1 el lugar de Messi.<\/strong><\/p>\n<p>Adem\u00e1s de estas cuatro variantes, el oriundo de la localidad santafesina de Pujato mantiene algunas dudas:\u00a0<strong>Nahuel Molina o Gonzalo Montiel\u00a0<\/strong>en el lateral derecho,\u00a0<strong>Nicol\u00e1s Tagliafico o Marcos Acu\u00f1a\u00a0<\/strong>en la banda izquierda de la defensa,\u00a0<strong>Rodrigo de Paul o Exequiel Palacios\u00a0<\/strong>en el mediocampo y, en la delantera,<strong>\u00a0Giuliano Simeone, Juli\u00e1n \u00c1lvarez o Lautaro Mart\u00ednez.<\/strong><\/p>\n<p>Por su parte, el equipo del argentino Sebasti\u00e1n Beccacece\u00a0<strong>viene de empatar 0-0 con su par de Paraguay<\/strong>, en condici\u00f3n de visitante, en el marco de la<strong>\u00a0ante\u00faltima fecha de las Eliminatorias Sudamericanas.\u00a0<\/strong>La \u00b4Tri\u00b4 llega a este final de certamen en el<strong>\u00a0cuarto puesto con 26 puntos, ya clasificado al Mundial del a\u00f1o que viene.<\/strong><\/p>\n<p>Para este encuentro ante la Selecci\u00f3n argentina, el ex director t\u00e9cnico de Defensa y Justicia har\u00e1 cuatro cambios: en el mediocampo,\u00a0<strong>Mois\u00e9s Caicedo, Alan Franco y Gonzalo Plata ingresar\u00e1n por \u00c1ngelo Preciado, Pedro Vite y Jordy Acivar<\/strong>, respectivamente, mientras que\u00a0<strong>Kevin Rodr\u00edguez reemplazar\u00eda a Kendry P\u00e1ez<\/strong>\u00a0en la delantera.<\/p>\n<p>Adem\u00e1s, Beccacece mantiene dos dudas:\u00a0<strong>Joel Ord\u00f3\u00f1ez o Preciado en el lateral derecho y Jhon Yeboah o Nilson \u00c1ngulo en el mediocampo.<\/strong><\/p>\n","protected":false},"excerpt":{"rendered":"<p>La\u00a0Selecci\u00f3n argentina, sin su astro y capit\u00e1n Lionel Messi,\u00a0visitar\u00e1 este martes a su par de Ecuador\u00a0en el marco de la\u00a0\u00faltima<\/p>\n","protected":false},"author":1,"featured_media":26287,"comment_status":"closed","ping_status":"closed","sticky":false,"template":"","format":"standard","meta":{"footnotes":"","jetpack_publicize_message":"","jetpack_publicize_feature_enabled":true,"jetpack_social_post_already_shared":true,"jetpack_social_options":{"image_generator_settings":{"template":"highway","enabled":false},"version":2}},"categories":[9],"tags":[],"class_list":["post-26286","post","type-post","status-publish","format-standard","has-post-thumbnail","hentry","category-deportes"],"jetpack_publicize_connections":[],"_links":{"self":[{"href":"https:\/\/diariorepublica.com.ar\/web\/index.php\/wp-json\/wp\/v2\/posts\/26286"}],"collection":[{"href":"https:\/\/diariorepublica.com.ar\/web\/index.php\/wp-json\/wp\/v2\/posts"}],"about":[{"href":"https:\/\/diariorepublica.com.ar\/web\/index.php\/wp-json\/wp\/v2\/types\/post"}],"author":[{"embeddable":true,"href":"https:\/\/diariorepublica.com.ar\/web\/index.php\/wp-json\/wp\/v2\/users\/1"}],"replies":[{"embeddable":true,"href":"https:\/\/diariorepublica.com.ar\/web\/index.php\/wp-json\/wp\/v2\/comments?post=26286"}],"version-history":[{"count":1,"href":"https:\/\/diariorepublica.com.ar\/web\/index.php\/wp-json\/wp\/v2\/posts\/26286\/revisions"}],"predecessor-version":[{"id":26288,"href":"https:\/\/diariorepublica.com.ar\/web\/index.php\/wp-json\/wp\/v2\/posts\/26286\/revisions\/26288"}],"wp:featuredmedia":[{"embeddable":true,"href":"https:\/\/diariorepublica.com.ar\/web\/index.php\/wp-json\/wp\/v2\/media\/26287"}],"wp:attachment":[{"href":"https:\/\/diariorepublica.com.ar\/web\/index.php\/wp-json\/wp\/v2\/media?parent=26286"}],"wp:term":[{"taxonomy":"category","embeddable":true,"href":"https:\/\/diariorepublica.com.ar\/web\/index.php\/wp-json\/wp\/v2\/categories?post=26286"},{"taxonomy":"post_tag","embeddable":true,"href":"https:\/\/diariorepublica.com.ar\/web\/index.php\/wp-json\/wp\/v2\/tags?post=26286"}],"curies":[{"name":"wp","href":"https:\/\/api.w.org\/{rel}","templated":true}]}}