{"id":26292,"date":"2025-09-09T07:09:56","date_gmt":"2025-09-09T10:09:56","guid":{"rendered":"https:\/\/diariorepublica.com.ar\/web\/?p=26292"},"modified":"2025-09-09T07:09:58","modified_gmt":"2025-09-09T10:09:58","slug":"barrio-santa-marta-427-familias-recibieron-sus-escrituras-tras-decadas-de-espera","status":"publish","type":"post","link":"https:\/\/diariorepublica.com.ar\/web\/index.php\/sociedad\/2025\/09\/09\/barrio-santa-marta-427-familias-recibieron-sus-escrituras-tras-decadas-de-espera\/","title":{"rendered":"Barrio Santa Marta: 427 familias recibieron sus escrituras tras d\u00e9cadas de espera"},"content":{"rendered":"<p>En un emotivo acto encabezado por el gobernador Ra\u00fal Jalil, el intendente Gustavo Saadi, la senadora nacional Luc\u00eda Corpacci y el ministro de Gobierno, Fernando Monguillot, 427 familias del barrio Santa Marta finalmente recibieron la tan ansiada escritura de sus hogares. Con esta entrega, solo resta una etapa m\u00e1s donde se otorgar\u00e1n otros 190 t\u00edtulos para completar el proceso de regularizaci\u00f3n dominial en esta zona del sur de la ciudad, que garantiza la seguridad jur\u00eddica de todos los vecinos.<\/p>\n<p>El evento cont\u00f3 tambi\u00e9n con la presencia de la presidenta de la C\u00e1mara de Diputados, Paola Fedeli, las diputadas provinciales Claudia Palladino y Mar\u00eda Argerich, entre otras autoridades y vecinos que celebraron este logro colectivo.<\/p>\n<p>La iniciativa fue posible gracias al trabajo conjunto de distintas \u00e1reas del Gobierno provincial y al acuerdo con el Consejo de Agrimensores, que relev\u00f3 t\u00e9cnicamente el barrio. Santa Marta, conformado hace varias d\u00e9cadas por familias de escasos recursos, llevaba m\u00e1s de 20 a\u00f1os aguardando este reconocimiento legal.<\/p>\n<p>\u201cHoy es un d\u00eda hist\u00f3rico, la espera termin\u00f3. Este papel no es solo una escritura: detr\u00e1s de \u00e9l hay un gobierno que articula y trabaja para darle seguridad y previsibilidad a cada familia\u201d, afirm\u00f3 el ministro Monguillot. Destac\u00f3, adem\u00e1s, que el t\u00edtulo de propiedad permitir\u00e1 a los beneficiarios no solo asegurar sus casas frente a disputas, sino tambi\u00e9n acceder a cr\u00e9ditos para realizar mejoras.<\/p>\n<p>Pedro Monferr\u00e1n, director de la Agencia de Recaudaci\u00f3n de Catamarca (ARCAT), subray\u00f3 la importancia del avance: \u201cEste es un paso fundamental para que las familias tengan tranquilidad y estabilidad sobre lo que es suyo\u201d.<\/p>\n<p>Entre los testimonios vecinales, Ana Carolina Carrazana resumi\u00f3 el sentimiento general: \u201cPasaron 20 a\u00f1os para poder decir que por fin tenemos las escrituras y que realmente nuestra casa es nuestra. Hoy somos muchas familias las que logramos este sue\u00f1o, y el mes que viene se sumar\u00e1n m\u00e1s vecinos. Es un d\u00eda hist\u00f3rico para nuestro barrio\u201d.<\/p>\n","protected":false},"excerpt":{"rendered":"<p>En un emotivo acto encabezado por el gobernador Ra\u00fal Jalil, el intendente Gustavo Saadi, la senadora nacional Luc\u00eda Corpacci y<\/p>\n","protected":false},"author":1,"featured_media":26293,"comment_status":"closed","ping_status":"closed","sticky":false,"template":"","format":"standard","meta":{"footnotes":"","jetpack_publicize_message":"","jetpack_publicize_feature_enabled":true,"jetpack_social_post_already_shared":true,"jetpack_social_options":{"image_generator_settings":{"template":"highway","enabled":false},"version":2}},"categories":[3],"tags":[],"class_list":["post-26292","post","type-post","status-publish","format-standard","has-post-thumbnail","hentry","category-sociedad"],"jetpack_publicize_connections":[],"_links":{"self":[{"href":"https:\/\/diariorepublica.com.ar\/web\/index.php\/wp-json\/wp\/v2\/posts\/26292"}],"collection":[{"href":"https:\/\/diariorepublica.com.ar\/web\/index.php\/wp-json\/wp\/v2\/posts"}],"about":[{"href":"https:\/\/diariorepublica.com.ar\/web\/index.php\/wp-json\/wp\/v2\/types\/post"}],"author":[{"embeddable":true,"href":"https:\/\/diariorepublica.com.ar\/web\/index.php\/wp-json\/wp\/v2\/users\/1"}],"replies":[{"embeddable":true,"href":"https:\/\/diariorepublica.com.ar\/web\/index.php\/wp-json\/wp\/v2\/comments?post=26292"}],"version-history":[{"count":1,"href":"https:\/\/diariorepublica.com.ar\/web\/index.php\/wp-json\/wp\/v2\/posts\/26292\/revisions"}],"predecessor-version":[{"id":26294,"href":"https:\/\/diariorepublica.com.ar\/web\/index.php\/wp-json\/wp\/v2\/posts\/26292\/revisions\/26294"}],"wp:featuredmedia":[{"embeddable":true,"href":"https:\/\/diariorepublica.com.ar\/web\/index.php\/wp-json\/wp\/v2\/media\/26293"}],"wp:attachment":[{"href":"https:\/\/diariorepublica.com.ar\/web\/index.php\/wp-json\/wp\/v2\/media?parent=26292"}],"wp:term":[{"taxonomy":"category","embeddable":true,"href":"https:\/\/diariorepublica.com.ar\/web\/index.php\/wp-json\/wp\/v2\/categories?post=26292"},{"taxonomy":"post_tag","embeddable":true,"href":"https:\/\/diariorepublica.com.ar\/web\/index.php\/wp-json\/wp\/v2\/tags?post=26292"}],"curies":[{"name":"wp","href":"https:\/\/api.w.org\/{rel}","templated":true}]}}