{"id":2632,"date":"2023-05-10T09:50:00","date_gmt":"2023-05-10T12:50:00","guid":{"rendered":"https:\/\/diariorepublica.com.ar\/web\/?p=2632"},"modified":"2023-05-10T07:51:52","modified_gmt":"2023-05-10T10:51:52","slug":"el-papa-francisco-revelo-que-el-gobierno-presiono-a-la-justicia-para-que-lo-condenaran","status":"publish","type":"post","link":"https:\/\/diariorepublica.com.ar\/web\/index.php\/internacionales\/2023\/05\/10\/el-papa-francisco-revelo-que-el-gobierno-presiono-a-la-justicia-para-que-lo-condenaran\/","title":{"rendered":"El papa Francisco revel\u00f3 que el Gobierno presion\u00f3 a la Justicia para que lo condenaran"},"content":{"rendered":"<article id=\"article-post\" class=\"first\">\n<div class=\"cuerpo\" data-twitter-link=\"https:\/\/twitter.com\/intent\/tweet?url=https:\/\/www.diariopopular.com.ar\/c713717&amp;via=poopulardiario&amp;related=Popular&amp;text=\">\n<p>El\u00a0<strong>papa Francisco<\/strong>\u00a0lament\u00f3 las acusaciones que recibi\u00f3 sobre sus acciones durante la\u00a0<strong>dictadura militar<\/strong>\u00a0en nuestro pa\u00eds y defendi\u00f3 su inocencia:\u00a0<strong>\u201cAlgunos en el Gobierno quer\u00edan &#8216;cortarme la cabeza'\u00bb<\/strong>, declar\u00f3 en una entrevista publicada este martes por la revista jesuita \u201cLa Civilt\u00e0 Cattolica\u201d.<\/p>\n<\/div>\n<\/article>\n<article id=\"article-post\">\n<div class=\"cuerpo\" data-twitter-link=\"https:\/\/twitter.com\/intent\/tweet?url=https:\/\/www.diariopopular.com.ar\/c713717&amp;via=poopulardiario&amp;related=Popular&amp;text=\">\n<p><strong>\u00abAlgunos en el Gobierno quer\u00edan &#8216;cortarme la cabeza&#8217;<\/strong>, y sacaron a relucir no tanto este asunto de (el cura apresado Franz) J\u00e1lics, sino que pusieron en duda todo mi modo de actuar durante la dictadura. Entonces, me llamaron a juicio\u00bb, record\u00f3 el ahora pont\u00edfice en un encuentro con los jesuitas h\u00fangaros en su reciente viaje a Budapest.<\/p>\n<p><strong>Bergoglio, cardenal y arzobispo de Buenos Aires<\/strong>, eligi\u00f3 responder al interrogatorio en la sede del arzobispado en 2010 -en el primer mandato de\u00a0<strong>Cristina Kirchner<\/strong>&#8211; y durante 4 horas y 10 minutos respondi\u00f3 a las preguntas de los investigadores.<\/p>\n<p>\u00abUno de los jueces insist\u00eda mucho en mi modo de comportarme. Yo siempre respond\u00ed con la verdad. Pero, para m\u00ed, la \u00fanica pregunta seria y bien fundada, fue la del abogado que pertenec\u00eda al Partido Comunista. Y gracias a esa pregunta las cosas se aclararon\u00bb, dijo.<\/p>\n<p>Y agreg\u00f3:\u00a0<strong>\u00abAl final se comprob\u00f3 mi inocencia. Pero en ese juicio no se habl\u00f3 casi nada de J\u00e1lics, sino de otros casos de personas que hab\u00edan pedido ayuda\u00bb<\/strong>.<\/p>\n<p><strong>Tras su elecci\u00f3n como papa, Francisco recibi\u00f3 cr\u00edticas por parte de algunos sectores sobre su supuesto silencio en la dictadura militar\u00a0<\/strong>(1976-1982) e incluso la presidenta de las Abuelas de Plaza de Mayo, Estela de Carlotto, le invit\u00f3 a entonar el \u00abmea culpa\u00bb por el papel de la Iglesia en ese periodo.<\/p>\n<p>En la entrevista,\u00a0<strong>Francisco habla en concreto de los casos de los padres Franz J\u00e1lics y Orlando Yorio, apresados durante la dictadura<\/strong>\u00a0y de los que en un principio le acusaron de no haber hecho lo suficiente para impedirlo.<\/p>\n<p><strong>\u00abEn el barrio en que trabajaba hab\u00eda una c\u00e9lula guerrillera. Pero los dos jesuitas no ten\u00edan nada que ver con ellos: eran pastores, no pol\u00edticos. Pero fueron hechos prisioneros, siendo inocentes. No encontraron nada con que acusarlos, pero tuvieron que cumplir nueve meses de c\u00e1rcel, sufriendo amenazas y torturas\u00bb<\/strong>, record\u00f3.<\/p>\n<p>Y agreg\u00f3: \u00abLuego fueron liberados, pero estas cosas dejan heridas profundas. J\u00e1lics vino a verme inmediatamente, y charlamos. Yo le aconsej\u00e9 ir a ver a su madre a Estados Unidos. La situaci\u00f3n era realmente demasiado incierta y confusa\u00bb.<\/p>\n<p><strong>Francisco explic\u00f3 que despu\u00e9s de todo esto \u00absurgi\u00f3 la leyenda\u00bb de que hab\u00eda sido \u00e9l quien los hab\u00eda entregado<\/strong>\u00a0para su encarcelamiento.<\/p>\n<p>Posteriormente, tras el final de la dictadura, J\u00e1lics volvi\u00f3 a Argentina para ver a Bergoglio (incluso oficiaron misa juntos) y tambi\u00e9n pas\u00f3 por Roma para visitarle como papa.<\/p>\n<p>\u00abPero cuando vino a verme al Vaticano, la \u00faltima vez, vi que sufr\u00eda porque no sab\u00eda c\u00f3mo hablarme. Hab\u00eda una distancia. Las heridas de esos a\u00f1os pasados permanec\u00edan en mi y en \u00e9l, porque los dos vivimos esa persecuci\u00f3n\u00bb, refiri\u00f3.<\/p>\n<p>\u00abQuiero agregar que cuando J\u00e1lics y Yorio fueron apresados por los militares la situaci\u00f3n que se viv\u00eda en Argentina era confusa y no estaba para nada claro qu\u00e9 se deb\u00eda hacer. Yo hice lo que sent\u00eda que ten\u00eda que hacer para defenderlos. Fue una situaci\u00f3n muy dolorosa\u00bb, termin\u00f3<\/p>\n<\/div>\n<\/article>\n","protected":false},"excerpt":{"rendered":"<p>El\u00a0papa Francisco\u00a0lament\u00f3 las acusaciones que recibi\u00f3 sobre sus acciones durante la\u00a0dictadura militar\u00a0en nuestro pa\u00eds y defendi\u00f3 su inocencia:\u00a0\u201cAlgunos en el<\/p>\n","protected":false},"author":1,"featured_media":2633,"comment_status":"closed","ping_status":"closed","sticky":false,"template":"","format":"standard","meta":{"footnotes":"","jetpack_publicize_message":"","jetpack_publicize_feature_enabled":true,"jetpack_social_post_already_shared":false,"jetpack_social_options":{"image_generator_settings":{"template":"highway","enabled":false},"version":2}},"categories":[6],"tags":[],"class_list":["post-2632","post","type-post","status-publish","format-standard","has-post-thumbnail","hentry","category-internacionales"],"jetpack_publicize_connections":[],"_links":{"self":[{"href":"https:\/\/diariorepublica.com.ar\/web\/index.php\/wp-json\/wp\/v2\/posts\/2632"}],"collection":[{"href":"https:\/\/diariorepublica.com.ar\/web\/index.php\/wp-json\/wp\/v2\/posts"}],"about":[{"href":"https:\/\/diariorepublica.com.ar\/web\/index.php\/wp-json\/wp\/v2\/types\/post"}],"author":[{"embeddable":true,"href":"https:\/\/diariorepublica.com.ar\/web\/index.php\/wp-json\/wp\/v2\/users\/1"}],"replies":[{"embeddable":true,"href":"https:\/\/diariorepublica.com.ar\/web\/index.php\/wp-json\/wp\/v2\/comments?post=2632"}],"version-history":[{"count":1,"href":"https:\/\/diariorepublica.com.ar\/web\/index.php\/wp-json\/wp\/v2\/posts\/2632\/revisions"}],"predecessor-version":[{"id":2634,"href":"https:\/\/diariorepublica.com.ar\/web\/index.php\/wp-json\/wp\/v2\/posts\/2632\/revisions\/2634"}],"wp:featuredmedia":[{"embeddable":true,"href":"https:\/\/diariorepublica.com.ar\/web\/index.php\/wp-json\/wp\/v2\/media\/2633"}],"wp:attachment":[{"href":"https:\/\/diariorepublica.com.ar\/web\/index.php\/wp-json\/wp\/v2\/media?parent=2632"}],"wp:term":[{"taxonomy":"category","embeddable":true,"href":"https:\/\/diariorepublica.com.ar\/web\/index.php\/wp-json\/wp\/v2\/categories?post=2632"},{"taxonomy":"post_tag","embeddable":true,"href":"https:\/\/diariorepublica.com.ar\/web\/index.php\/wp-json\/wp\/v2\/tags?post=2632"}],"curies":[{"name":"wp","href":"https:\/\/api.w.org\/{rel}","templated":true}]}}