{"id":26352,"date":"2025-09-10T10:35:03","date_gmt":"2025-09-10T13:35:03","guid":{"rendered":"https:\/\/diariorepublica.com.ar\/web\/?p=26352"},"modified":"2025-09-10T10:35:05","modified_gmt":"2025-09-10T13:35:05","slug":"el-gobierno-refloto-el-ministerio-del-interior-y-asigno-a-lisandro-catalan-al-frente","status":"publish","type":"post","link":"https:\/\/diariorepublica.com.ar\/web\/index.php\/politica\/2025\/09\/10\/el-gobierno-refloto-el-ministerio-del-interior-y-asigno-a-lisandro-catalan-al-frente\/","title":{"rendered":"El Gobierno reflot\u00f3 el Ministerio del Interior y asign\u00f3 a Lisandro Catal\u00e1n al frente"},"content":{"rendered":"<p><strong>El Gobierno Nacional anunci\u00f3 la vuelta del Ministerio del Interior y design\u00f3 a Lisandro Catal\u00e1n al frente de la cartera.<\/strong><\/p>\n<p>Asimismo, inform\u00f3 la confirmaci\u00f3n de la\u00a0<strong>mesa federal<\/strong>\u00a0que buscar\u00e1 articular con los gobernadores, uno de los cambios instrumenta dos por el presidente Javier Milei tras el resultado de las urnas.<\/p>\n<p>Est\u00e1 ma\u00f1ana, el mandatario encabez\u00f3 una reuni\u00f3n junto al jefe de Gabinete, Guillermo Francos, y el titular del Palacio de Hacienda, Luis \u00abToto\u00bb Caputo con el flamante ministro, quien hasta entonces se desempe\u00f1aba como vicejefe de Gabinete del Interior.<\/p>\n<p>A trav\u00e9s de su cuenta de X, Francos expres\u00f3: \u201cSiguiendo las instrucciones del Presidente, con el objetivo de retomar el di\u00e1logo con los gobernadores afines, hemos constituido la Mesa Federal junto al ministro de Econom\u00eda, Luis Caputo, y el flamante ministro del Interior, Lisandro Catal\u00e1n\u201d.<\/p>\n<p>\u201cEn esta nueva etapa en que consideramos imprescindible implementar las reformas estructurales en las que hemos trabajado, estamos dispuestos a profundizar los v\u00ednculos con las provincias que comparten el esp\u00edritu de cambio\u201d, complet\u00f3.<\/p>\n<p>NA<\/p>\n","protected":false},"excerpt":{"rendered":"<p>El Gobierno Nacional anunci\u00f3 la vuelta del Ministerio del Interior y design\u00f3 a Lisandro Catal\u00e1n al frente de la cartera.<\/p>\n","protected":false},"author":1,"featured_media":26353,"comment_status":"closed","ping_status":"closed","sticky":false,"template":"","format":"standard","meta":{"footnotes":"","jetpack_publicize_message":"","jetpack_publicize_feature_enabled":true,"jetpack_social_post_already_shared":true,"jetpack_social_options":{"image_generator_settings":{"template":"highway","enabled":false},"version":2}},"categories":[12],"tags":[],"class_list":["post-26352","post","type-post","status-publish","format-standard","has-post-thumbnail","hentry","category-politica"],"jetpack_publicize_connections":[],"_links":{"self":[{"href":"https:\/\/diariorepublica.com.ar\/web\/index.php\/wp-json\/wp\/v2\/posts\/26352"}],"collection":[{"href":"https:\/\/diariorepublica.com.ar\/web\/index.php\/wp-json\/wp\/v2\/posts"}],"about":[{"href":"https:\/\/diariorepublica.com.ar\/web\/index.php\/wp-json\/wp\/v2\/types\/post"}],"author":[{"embeddable":true,"href":"https:\/\/diariorepublica.com.ar\/web\/index.php\/wp-json\/wp\/v2\/users\/1"}],"replies":[{"embeddable":true,"href":"https:\/\/diariorepublica.com.ar\/web\/index.php\/wp-json\/wp\/v2\/comments?post=26352"}],"version-history":[{"count":1,"href":"https:\/\/diariorepublica.com.ar\/web\/index.php\/wp-json\/wp\/v2\/posts\/26352\/revisions"}],"predecessor-version":[{"id":26354,"href":"https:\/\/diariorepublica.com.ar\/web\/index.php\/wp-json\/wp\/v2\/posts\/26352\/revisions\/26354"}],"wp:featuredmedia":[{"embeddable":true,"href":"https:\/\/diariorepublica.com.ar\/web\/index.php\/wp-json\/wp\/v2\/media\/26353"}],"wp:attachment":[{"href":"https:\/\/diariorepublica.com.ar\/web\/index.php\/wp-json\/wp\/v2\/media?parent=26352"}],"wp:term":[{"taxonomy":"category","embeddable":true,"href":"https:\/\/diariorepublica.com.ar\/web\/index.php\/wp-json\/wp\/v2\/categories?post=26352"},{"taxonomy":"post_tag","embeddable":true,"href":"https:\/\/diariorepublica.com.ar\/web\/index.php\/wp-json\/wp\/v2\/tags?post=26352"}],"curies":[{"name":"wp","href":"https:\/\/api.w.org\/{rel}","templated":true}]}}