{"id":26358,"date":"2025-09-12T07:09:54","date_gmt":"2025-09-12T10:09:54","guid":{"rendered":"https:\/\/diariorepublica.com.ar\/web\/?p=26358"},"modified":"2025-09-12T07:09:56","modified_gmt":"2025-09-12T10:09:56","slug":"la-capital-lanzo-la-guardia-de-emergencia-24-7-para-respuestas-ambientales","status":"publish","type":"post","link":"https:\/\/diariorepublica.com.ar\/web\/index.php\/sociedad\/2025\/09\/12\/la-capital-lanzo-la-guardia-de-emergencia-24-7-para-respuestas-ambientales\/","title":{"rendered":"La Capital lanz\u00f3 la Guardia de Emergencia 24-7 para Respuestas Ambientales"},"content":{"rendered":"<p>El intendente de la Capital, Gustavo Saadi, encabez\u00f3 el lanzamiento de la flamante Guardia 24-7 de emergencia y reclamos ciudadanos, un servicio destinado a brindar respuestas inmediatas y eficientes ante cualquier emergencia ambiental que afecte al espacio p\u00fablico. Esta iniciativa, seg\u00fan se destac\u00f3, tiene como objetivo primordial reforzar la seguridad y garantizar la fluidez en la circulaci\u00f3n de los vecinos en toda la ciudad.<\/p>\n<p>Durante el acto de presentaci\u00f3n, se realiz\u00f3 la entrega de equipamiento esencial para el correcto desempe\u00f1o de la guardia. El personal municipal contar\u00e1 con indumentaria completa de seguridad, incluyendo cascos, guantes, gafas, camisas, pantalones, pilotos para lluvia, y linternas.<\/p>\n<p>Adem\u00e1s, se proveyeron herramientas fundamentales para el trabajo operativo, tales como motosierras, podadoras de altura extensibles, palas, orquillas, picotas y peinetas. La flota se complementa con una camioneta cabina simple, debidamente identificada.<\/p>\n<p>Durante el acto de presentaci\u00f3n, el intendente Saadi explic\u00f3: \u00abes un nuevo servicio para el vecino. Lo que hicimos es reforzar una guardia de la Polic\u00eda Ambiental para que funcione 24 horas los 365 d\u00edas del a\u00f1o. Hay veces que se puede caer una rama muy grande a la noche y est\u00e1 obstaculizando alg\u00fan acceso. Se llama y se soluciona. Se tiene que comunicar al 147\u201d.<\/p>\n<p>\u00abTambi\u00e9n va a funcionar 24 horas en caso de que tengamos alg\u00fan problema meteorol\u00f3gico, fundamentalmente ahora cuando hay fuertes vientos. Es un nuevo servicio que viene a complementarse con el Servicio Meteorol\u00f3gico Municipal y lo que es la Polic\u00eda Ambiental, que est\u00e1 funcionando muy bien\u201d enfatiz\u00f3 el jefe comunal.<\/p>\n<p>Cabe destacar que la guardia ambiental articula su funcionamiento en un trabajo coordinado con Defensa Civil, Polic\u00eda y EC SAPEM, porque muchas veces tienen cables de energ\u00eda el\u00e9ctrica, entre otras necesidades que antes solo estaban abocados a los organismos provinciales y ahora se suma el municipio.<\/p>\n<p>Por su parte, Nicol\u00e1s Acu\u00f1a, secretario de Ambiente y Servicios P\u00fablicos, detall\u00f3: \u00ab\u2026es una guardia exclusivamente para eventos en la v\u00eda p\u00fablica que tengan que ver con contingencias clim\u00e1ticas, digamos, ca\u00edda de \u00e1rboles, rama de porte grandes, carteles, entre otros. Es decir, poder brindarle a los vecinos una herramienta concreta y un canal directo para cualquier eventualidad o cualquier tipo de eventos clim\u00e1ticos inesperados\u201d.<\/p>\n<p>\u00abA trav\u00e9s de la aplicaci\u00f3n CERCA, marcando el n\u00famero (3) tres, van a tener ah\u00ed una una gu\u00eda de la aplicaci\u00f3n, se van a comunicar directamente con con el \u00e1rea de reclamo y urgencias ciudadanas, y para cualquiera de estos tipos de eventos\u00bb enfatiz\u00f3 Acu\u00f1a.<br \/>\nEn cuanto al personal y equipamiento, Acu\u00f1a a\u00f1adi\u00f3: \u00abNosotros en realidad tenemos una guardia concreta de diez operarios, un encargado, tenemos veh\u00edculos, todas herramientas y espec\u00edficas para estos eventos. Nosotros trabajamos coordinadamente en en lo que es toda la secretar\u00eda, digamos, cuando hay eventos meteorol\u00f3gicos de magnitud, son muchas \u00e1reas, mucha la gente que se aboca en eventos como los que hubo en a\u00f1os anteriores con la ca\u00edda de m\u00e1s de doscientos \u00e1rboles, ah\u00ed ya no solamente acciona la guardia, que es para algo m\u00e1s puntual que le pase a un a un vecino en particular, sino ya todo el personal de la secretar\u00eda\u00bb.<\/p>\n<p>Finalmente, destac\u00f3 la articulaci\u00f3n con el centro de monitoreo meteorol\u00f3gico: \u00abTenemos m\u00e1s de seis estaciones. Emitimos las alertas, no solamente para la comunidad, sino tambi\u00e9n internamente para nuestro protocolo de contingencias, y la guardia est\u00e1 en estado de alerta para cualquier eventualidad de los vecinos\u201d.<\/p>\n","protected":false},"excerpt":{"rendered":"<p>El intendente de la Capital, Gustavo Saadi, encabez\u00f3 el lanzamiento de la flamante Guardia 24-7 de emergencia y reclamos ciudadanos,<\/p>\n","protected":false},"author":1,"featured_media":26359,"comment_status":"closed","ping_status":"closed","sticky":false,"template":"","format":"standard","meta":{"footnotes":"","jetpack_publicize_message":"","jetpack_publicize_feature_enabled":true,"jetpack_social_post_already_shared":true,"jetpack_social_options":{"image_generator_settings":{"template":"highway","enabled":false},"version":2}},"categories":[3],"tags":[],"class_list":["post-26358","post","type-post","status-publish","format-standard","has-post-thumbnail","hentry","category-sociedad"],"jetpack_publicize_connections":[],"_links":{"self":[{"href":"https:\/\/diariorepublica.com.ar\/web\/index.php\/wp-json\/wp\/v2\/posts\/26358"}],"collection":[{"href":"https:\/\/diariorepublica.com.ar\/web\/index.php\/wp-json\/wp\/v2\/posts"}],"about":[{"href":"https:\/\/diariorepublica.com.ar\/web\/index.php\/wp-json\/wp\/v2\/types\/post"}],"author":[{"embeddable":true,"href":"https:\/\/diariorepublica.com.ar\/web\/index.php\/wp-json\/wp\/v2\/users\/1"}],"replies":[{"embeddable":true,"href":"https:\/\/diariorepublica.com.ar\/web\/index.php\/wp-json\/wp\/v2\/comments?post=26358"}],"version-history":[{"count":1,"href":"https:\/\/diariorepublica.com.ar\/web\/index.php\/wp-json\/wp\/v2\/posts\/26358\/revisions"}],"predecessor-version":[{"id":26360,"href":"https:\/\/diariorepublica.com.ar\/web\/index.php\/wp-json\/wp\/v2\/posts\/26358\/revisions\/26360"}],"wp:featuredmedia":[{"embeddable":true,"href":"https:\/\/diariorepublica.com.ar\/web\/index.php\/wp-json\/wp\/v2\/media\/26359"}],"wp:attachment":[{"href":"https:\/\/diariorepublica.com.ar\/web\/index.php\/wp-json\/wp\/v2\/media?parent=26358"}],"wp:term":[{"taxonomy":"category","embeddable":true,"href":"https:\/\/diariorepublica.com.ar\/web\/index.php\/wp-json\/wp\/v2\/categories?post=26358"},{"taxonomy":"post_tag","embeddable":true,"href":"https:\/\/diariorepublica.com.ar\/web\/index.php\/wp-json\/wp\/v2\/tags?post=26358"}],"curies":[{"name":"wp","href":"https:\/\/api.w.org\/{rel}","templated":true}]}}