{"id":26361,"date":"2025-09-12T07:10:44","date_gmt":"2025-09-12T10:10:44","guid":{"rendered":"https:\/\/diariorepublica.com.ar\/web\/?p=26361"},"modified":"2025-09-12T07:10:45","modified_gmt":"2025-09-12T10:10:45","slug":"zijin-liex-pone-en-marcha-la-produccion-de-litio-en-su-planta-en-fiambala","status":"publish","type":"post","link":"https:\/\/diariorepublica.com.ar\/web\/index.php\/locales\/2025\/09\/12\/zijin-liex-pone-en-marcha-la-produccion-de-litio-en-su-planta-en-fiambala\/","title":{"rendered":"Zijin-Liex pone en marcha la producci\u00f3n de litio en su planta en Fiambal\u00e1"},"content":{"rendered":"<p>La empresa minera china pondr\u00e1 en marcha este viernes su proyecto de producci\u00f3n de Carbonato de Litio en Fiambal\u00e1. Esto marca un hecho hist\u00f3rico para la miner\u00eda provincial y se convierte en el segundo proyecto litifero que entra en producci\u00f3n en Catamarca.<\/p>\n<p>El acto oficial de puesta en marcha de la producci\u00f3n est\u00e1 previsto para las 16:00 horas de este viernes 12 de septiembre, con la presencia del primer mandatario provincial Ra\u00fal Jalil; el presidente de Zijin, Chen Jinghe; el CEO en Argentina, Gao Jianneng, adem\u00e1s de diversos funcionarios provinciales, municipales e invitados especiales.<\/p>\n<p>En la oportunidad se efectuar\u00e1 un repaso del proceso de construcci\u00f3n del proyecto que inici\u00f3 en el primer semestre del 2022, y tambi\u00e9n se tiene previsto que las autoridades efect\u00faen un recorrido por la l\u00ednea de producci\u00f3n.<\/p>\n<p>Zijin prev\u00e9 una producci\u00f3n anual de 20.000 toneladas de carbonato de litio de grado industrial, lo que representa un hito para el sector minero catamarque\u00f1o, ya que permitir\u00e1 generar m\u00e1s puestos de trabajo y posibilidades para proveedores, ingreso por regal\u00edas, aportes para obras, exportaciones, entre otros beneficios.<\/p>\n<p>El proyecto de litio Tres Quebradas (3Q) est\u00e1 ubicado a 4.300 metros sobre el nivel del mar, sobre la Cordillera de los Andes y rodeado por los volcanes que comprenden los Seismiles, en la zona suroeste de Catamarca, y tiene una proyecci\u00f3n de vida hasta 2043.<\/p>\n","protected":false},"excerpt":{"rendered":"<p>La empresa minera china pondr\u00e1 en marcha este viernes su proyecto de producci\u00f3n de Carbonato de Litio en Fiambal\u00e1. Esto<\/p>\n","protected":false},"author":1,"featured_media":26362,"comment_status":"closed","ping_status":"closed","sticky":false,"template":"","format":"standard","meta":{"footnotes":"","jetpack_publicize_message":"","jetpack_publicize_feature_enabled":true,"jetpack_social_post_already_shared":true,"jetpack_social_options":{"image_generator_settings":{"template":"highway","enabled":false},"version":2}},"categories":[2],"tags":[],"class_list":["post-26361","post","type-post","status-publish","format-standard","has-post-thumbnail","hentry","category-locales"],"jetpack_publicize_connections":[],"_links":{"self":[{"href":"https:\/\/diariorepublica.com.ar\/web\/index.php\/wp-json\/wp\/v2\/posts\/26361"}],"collection":[{"href":"https:\/\/diariorepublica.com.ar\/web\/index.php\/wp-json\/wp\/v2\/posts"}],"about":[{"href":"https:\/\/diariorepublica.com.ar\/web\/index.php\/wp-json\/wp\/v2\/types\/post"}],"author":[{"embeddable":true,"href":"https:\/\/diariorepublica.com.ar\/web\/index.php\/wp-json\/wp\/v2\/users\/1"}],"replies":[{"embeddable":true,"href":"https:\/\/diariorepublica.com.ar\/web\/index.php\/wp-json\/wp\/v2\/comments?post=26361"}],"version-history":[{"count":1,"href":"https:\/\/diariorepublica.com.ar\/web\/index.php\/wp-json\/wp\/v2\/posts\/26361\/revisions"}],"predecessor-version":[{"id":26363,"href":"https:\/\/diariorepublica.com.ar\/web\/index.php\/wp-json\/wp\/v2\/posts\/26361\/revisions\/26363"}],"wp:featuredmedia":[{"embeddable":true,"href":"https:\/\/diariorepublica.com.ar\/web\/index.php\/wp-json\/wp\/v2\/media\/26362"}],"wp:attachment":[{"href":"https:\/\/diariorepublica.com.ar\/web\/index.php\/wp-json\/wp\/v2\/media?parent=26361"}],"wp:term":[{"taxonomy":"category","embeddable":true,"href":"https:\/\/diariorepublica.com.ar\/web\/index.php\/wp-json\/wp\/v2\/categories?post=26361"},{"taxonomy":"post_tag","embeddable":true,"href":"https:\/\/diariorepublica.com.ar\/web\/index.php\/wp-json\/wp\/v2\/tags?post=26361"}],"curies":[{"name":"wp","href":"https:\/\/api.w.org\/{rel}","templated":true}]}}