{"id":26364,"date":"2025-09-12T07:11:37","date_gmt":"2025-09-12T10:11:37","guid":{"rendered":"https:\/\/diariorepublica.com.ar\/web\/?p=26364"},"modified":"2025-09-12T07:11:39","modified_gmt":"2025-09-12T10:11:39","slug":"el-gobierno-acompana-a-los-textiles-catamarquenos-en-medio-de-la-crisis-del-sector","status":"publish","type":"post","link":"https:\/\/diariorepublica.com.ar\/web\/index.php\/locales\/2025\/09\/12\/el-gobierno-acompana-a-los-textiles-catamarquenos-en-medio-de-la-crisis-del-sector\/","title":{"rendered":"El Gobierno acompa\u00f1a a los textiles catamarque\u00f1os en medio de la crisis del sector"},"content":{"rendered":"<p>En medio de la crisis que atraviesa la industria a nivel nacional, el gobernador Ra\u00fal Jalil se reuni\u00f3 con empresarios textiles para avanzar en la implementaci\u00f3n del Programa de Emergencia Textil, una herramienta creada por decreto para sostener el empleo formal en la provincia, y analizar la situaci\u00f3n del sector.<\/p>\n<p>Del encuentro participaron Luis Tendlarz y Carlos Pinetta, presidente y gerente -respectivamente- de Algodonera del Valle, una de las firmas m\u00e1s importantes que tiene el sector en Catamarca y parte de la Uni\u00f3n Industrial de Catamarca.<\/p>\n<p>En este marco, Pinetta agradeci\u00f3 el compromiso del Gobierno provincial para hacer efectiva la primera cuota del Programa de Emergencia Textil en el corto plazo, al tiempo que describi\u00f3 la delicada situaci\u00f3n que vive el sector textil. \u201cEste aporte del gobierno se da en un marco adecuado, porque las empresas atraviesan momentos muy dif\u00edciles por la ca\u00edda del mercado interno y la invasi\u00f3n de productos importados, tanto por aduana como por compras online en plataformas\u201d, se\u00f1al\u00f3.<\/p>\n<p>El empresario subray\u00f3 que el programa es clave para mantener los puestos de trabajo en un escenario de p\u00e9rdida de empleo a nivel nacional. \u201cEste aporte asegura la continuidad laboral de los trabajadores. En Catamarca, esta ayuda, nos permite proyectar un futuro menos cr\u00edtico para la provincia el empleo textil\u201d, remarc\u00f3.<\/p>\n<p>Adem\u00e1s, diferenci\u00f3 la respuesta del Gobierno provincial respecto de la Naci\u00f3n: \u201cMientras en Catamarca tenemos un gobierno que colabora con el sector, a nivel pa\u00eds no ocurre lo mismo. Agradecemos al gobernador esta mirada que cuida a su gente y a los puestos de trabajo\u201d.<\/p>\n<p><strong>Sobre el Programa de Emergencia Textil<\/strong><\/p>\n<p>A trav\u00e9s de la iniciativa se efect\u00faa un aporte econ\u00f3mico directo de hasta $200.000 por trabajador (durante el plazo de seis meses). El beneficio -que podr\u00e1 prorrogarse seg\u00fan la disponibilidad presupuestaria- exige a las empresas mantener su planta de personal declarada al momento de la inscripci\u00f3n, garantizando as\u00ed la continuidad laboral.<\/p>\n","protected":false},"excerpt":{"rendered":"<p>En medio de la crisis que atraviesa la industria a nivel nacional, el gobernador Ra\u00fal Jalil se reuni\u00f3 con empresarios<\/p>\n","protected":false},"author":1,"featured_media":26365,"comment_status":"closed","ping_status":"closed","sticky":false,"template":"","format":"standard","meta":{"footnotes":"","jetpack_publicize_message":"","jetpack_publicize_feature_enabled":true,"jetpack_social_post_already_shared":true,"jetpack_social_options":{"image_generator_settings":{"template":"highway","enabled":false},"version":2}},"categories":[2],"tags":[],"class_list":["post-26364","post","type-post","status-publish","format-standard","has-post-thumbnail","hentry","category-locales"],"jetpack_publicize_connections":[],"_links":{"self":[{"href":"https:\/\/diariorepublica.com.ar\/web\/index.php\/wp-json\/wp\/v2\/posts\/26364"}],"collection":[{"href":"https:\/\/diariorepublica.com.ar\/web\/index.php\/wp-json\/wp\/v2\/posts"}],"about":[{"href":"https:\/\/diariorepublica.com.ar\/web\/index.php\/wp-json\/wp\/v2\/types\/post"}],"author":[{"embeddable":true,"href":"https:\/\/diariorepublica.com.ar\/web\/index.php\/wp-json\/wp\/v2\/users\/1"}],"replies":[{"embeddable":true,"href":"https:\/\/diariorepublica.com.ar\/web\/index.php\/wp-json\/wp\/v2\/comments?post=26364"}],"version-history":[{"count":1,"href":"https:\/\/diariorepublica.com.ar\/web\/index.php\/wp-json\/wp\/v2\/posts\/26364\/revisions"}],"predecessor-version":[{"id":26366,"href":"https:\/\/diariorepublica.com.ar\/web\/index.php\/wp-json\/wp\/v2\/posts\/26364\/revisions\/26366"}],"wp:featuredmedia":[{"embeddable":true,"href":"https:\/\/diariorepublica.com.ar\/web\/index.php\/wp-json\/wp\/v2\/media\/26365"}],"wp:attachment":[{"href":"https:\/\/diariorepublica.com.ar\/web\/index.php\/wp-json\/wp\/v2\/media?parent=26364"}],"wp:term":[{"taxonomy":"category","embeddable":true,"href":"https:\/\/diariorepublica.com.ar\/web\/index.php\/wp-json\/wp\/v2\/categories?post=26364"},{"taxonomy":"post_tag","embeddable":true,"href":"https:\/\/diariorepublica.com.ar\/web\/index.php\/wp-json\/wp\/v2\/tags?post=26364"}],"curies":[{"name":"wp","href":"https:\/\/api.w.org\/{rel}","templated":true}]}}