{"id":26382,"date":"2025-09-12T08:06:00","date_gmt":"2025-09-12T11:06:00","guid":{"rendered":"https:\/\/diariorepublica.com.ar\/web\/?p=26382"},"modified":"2025-09-12T07:37:20","modified_gmt":"2025-09-12T10:37:20","slug":"camioneros-cerro-un-acuerdo-de-incremento-salarial-en-etapas-hasta-febrero-del-2026","status":"publish","type":"post","link":"https:\/\/diariorepublica.com.ar\/web\/index.php\/economia\/2025\/09\/12\/camioneros-cerro-un-acuerdo-de-incremento-salarial-en-etapas-hasta-febrero-del-2026\/","title":{"rendered":"Camioneros cerr\u00f3 un acuerdo de incremento salarial en etapas hasta febrero del 2026"},"content":{"rendered":"<p>El sindicato de\u00a0<strong>Camioneros\u00a0<\/strong>cerr\u00f3\u00a0 un incremento salarial en escalas hasta febrero del 2026, tras llegar a un acuerdo con representantes empresariales del sector.<\/p>\n<p>As\u00ed lo inform\u00f3 el\u00a0<strong>Ministerio de Capital Humano<\/strong>, que monitore\u00f3 el desarrollo y desenlace de las negociaciones a trav\u00e9s de la\u00a0<strong>Secretar\u00eda de Trabajo, Empleo y Seguridad Social.\u00a0<\/strong><\/p>\n<p>El convenio contempla un\u00a0<strong>incremento salarial del 1,2% para septiembre, del 1,1% para octubre y del 1% para noviembre, diciembre, enero y febrero.\u00a0<\/strong><\/p>\n<p>Adem\u00e1s, se otorgar\u00e1 una<strong>\u00a0suma no remunerativa de $25.000 por \u00fanica vez que se abonar\u00e1 en el mes de septiembre, y que se incorporar\u00e1 a los salarios b\u00e1sicos por un valor de $22.000 a partir de octubre.\u00a0<\/strong><\/p>\n<p>Las partes acordaron reunirse nuevamente en diciembre de este a\u00f1o para evaluar actualizaciones sobre los convenios colectivos de trabajo.<\/p>\n<p><strong>\u201cEste entendimiento reafirma el compromiso de fomentar la participaci\u00f3n activa de todos los sectores involucrados, con el prop\u00f3sito de consolidar un mercado laboral s\u00f3lido y proteger el poder adquisitivo de los trabajadores<\/strong>\u201d, coment\u00f3 el Ministerio de Capital Humano en un comunicado.<\/p>\n<p>NA<\/p>\n","protected":false},"excerpt":{"rendered":"<p>El sindicato de\u00a0Camioneros\u00a0cerr\u00f3\u00a0 un incremento salarial en escalas hasta febrero del 2026, tras llegar a un acuerdo con representantes empresariales<\/p>\n","protected":false},"author":1,"featured_media":26383,"comment_status":"closed","ping_status":"closed","sticky":false,"template":"","format":"standard","meta":{"footnotes":"","jetpack_publicize_message":"","jetpack_publicize_feature_enabled":true,"jetpack_social_post_already_shared":true,"jetpack_social_options":{"image_generator_settings":{"template":"highway","enabled":false},"version":2}},"categories":[5],"tags":[],"class_list":["post-26382","post","type-post","status-publish","format-standard","has-post-thumbnail","hentry","category-economia"],"jetpack_publicize_connections":[],"_links":{"self":[{"href":"https:\/\/diariorepublica.com.ar\/web\/index.php\/wp-json\/wp\/v2\/posts\/26382"}],"collection":[{"href":"https:\/\/diariorepublica.com.ar\/web\/index.php\/wp-json\/wp\/v2\/posts"}],"about":[{"href":"https:\/\/diariorepublica.com.ar\/web\/index.php\/wp-json\/wp\/v2\/types\/post"}],"author":[{"embeddable":true,"href":"https:\/\/diariorepublica.com.ar\/web\/index.php\/wp-json\/wp\/v2\/users\/1"}],"replies":[{"embeddable":true,"href":"https:\/\/diariorepublica.com.ar\/web\/index.php\/wp-json\/wp\/v2\/comments?post=26382"}],"version-history":[{"count":1,"href":"https:\/\/diariorepublica.com.ar\/web\/index.php\/wp-json\/wp\/v2\/posts\/26382\/revisions"}],"predecessor-version":[{"id":26384,"href":"https:\/\/diariorepublica.com.ar\/web\/index.php\/wp-json\/wp\/v2\/posts\/26382\/revisions\/26384"}],"wp:featuredmedia":[{"embeddable":true,"href":"https:\/\/diariorepublica.com.ar\/web\/index.php\/wp-json\/wp\/v2\/media\/26383"}],"wp:attachment":[{"href":"https:\/\/diariorepublica.com.ar\/web\/index.php\/wp-json\/wp\/v2\/media?parent=26382"}],"wp:term":[{"taxonomy":"category","embeddable":true,"href":"https:\/\/diariorepublica.com.ar\/web\/index.php\/wp-json\/wp\/v2\/categories?post=26382"},{"taxonomy":"post_tag","embeddable":true,"href":"https:\/\/diariorepublica.com.ar\/web\/index.php\/wp-json\/wp\/v2\/tags?post=26382"}],"curies":[{"name":"wp","href":"https:\/\/api.w.org\/{rel}","templated":true}]}}