{"id":26388,"date":"2025-09-12T07:39:51","date_gmt":"2025-09-12T10:39:51","guid":{"rendered":"https:\/\/diariorepublica.com.ar\/web\/?p=26388"},"modified":"2025-09-12T07:39:53","modified_gmt":"2025-09-12T10:39:53","slug":"franco-colapinto-recibio-un-casco-de-boca-personalizado-con-la-firma-de-martin-palerm","status":"publish","type":"post","link":"https:\/\/diariorepublica.com.ar\/web\/index.php\/deportes\/2025\/09\/12\/franco-colapinto-recibio-un-casco-de-boca-personalizado-con-la-firma-de-martin-palerm\/","title":{"rendered":"Franco Colapinto recibi\u00f3 un casco de Boca personalizado con la firma de Mart\u00edn Palerm"},"content":{"rendered":"<article id=\"article-post\" class=\"first\">\n<div class=\"cuerpo\" data-twitter-link=\"https:\/\/twitter.com\/intent\/tweet?url=https:\/\/www.diariopopular.com.ar\/c861481&amp;via=poopulardiario&amp;related=Popular&amp;text=\">\n<p><strong>Franco Colapinto recibi\u00f3 un casco de Boca personalizado con la firma de Mart\u00edn Palermo<\/strong>, uno de los m\u00e1ximos \u00eddolos de la historia del club. El artista Manuel Feito dise\u00f1\u00f3 el casco con los colores del Xeneize y consigui\u00f3 la dedicatoria del Tit\u00e1n. El piloto argentino, que correr\u00e1 el domingo 21 en el GP de Azerbaiy\u00e1n, podr\u00eda usarlo en la F\u00f3rmula 1.<\/p>\n<\/div>\n<\/article>\n<article id=\"article-post\">\n<div class=\"cuerpo\" data-twitter-link=\"https:\/\/twitter.com\/intent\/tweet?url=https:\/\/www.diariopopular.com.ar\/c861481&amp;via=poopulardiario&amp;related=Popular&amp;text=\">\n<p><strong>La iniciativa fue obra de Manuel Feito, artista especializado en cascos deportivos.<\/strong>\u00a0El dise\u00f1ador cont\u00f3 que su primer impulso fue rendir homenaje al corredor con un dise\u00f1o que lo representara<em><strong>.<\/strong><\/em><\/p>\n<p><strong>\u201cMi primer deseo fue homenajearlo a Franco con un casco de Boca, el club que \u00e9l es fan\u00e1tico\u201d<\/strong>, explic\u00f3 en redes sociales y en ese proceso, decidi\u00f3 sumar a una leyenda del club: \u201cMe aparece Mart\u00edn Palermo como el m\u00e1ximo goleador y el referente m\u00e1ximo del club\u201d.<\/p>\n<p>Con esa idea en mente,\u00a0<strong>Feito se propuso encontrar al Loco y pese a que muchos le advirtieron que ser\u00eda imposible, logr\u00f3 su cometido.<\/strong><\/p>\n<div id=\"762924-Libre-403355696_wrap\" class=\"embed_cont type_imagen\" contenteditable=\"false\">\n<div id=\"762924-Libre-403355696_content\" class=\"embed_content\"><img decoding=\"async\" id=\"762924-Libre-403355696_embed\" title=\"\" src=\"https:\/\/media.diariopopular.com.ar\/p\/3162b256a12a9d5a13d4ca557927b002\/adjuntos\/143\/imagenes\/008\/207\/0008207426\/1140x0\/smart\/image.png\" alt=\"\" width=\"1140\" height=\"undefined\" longdesc=\"https:\/\/media.diariopopular.com.ar\/p\/3162b256a12a9d5a13d4ca557927b002\/adjuntos\/143\/imagenes\/008\/207\/0008207426\/1140x0\/smart\/image.png\" \/><\/div>\n<div id=\"762924-Libre-403355696_epigrafe\" class=\"embed_epigrafe\"><\/div>\n<div id=\"762924-Libre-403355696_copyright\" class=\"embed_copyright\"><\/div>\n<\/div>\n<p>Palermo lo recibi\u00f3, se cop\u00f3 con la propuesta y estamp\u00f3 su firma sobre el casco.\u00a0<strong>\u201cTodos me dec\u00edan que no hab\u00eda forma, pero bueno el que insiste termina logrando las cosas\u201d<\/strong>, celebr\u00f3 el autor. Despu\u00e9s de obtener la firma so\u00f1ada de Palermo, solo quedaba el segundo paso, que el regalo llegara a manos del piloto de Alpine. Y eso tambi\u00e9n ocurri\u00f3.<\/p>\n<p>Feito comparti\u00f3 la entrega en su cuenta de Instagram:\u00a0<strong>\u201cEste es el casco que tuve la posibilidad de regalarle a @francolapinto y no solo eso sino que est\u00e1 firmado por el gran @martinpalermo.ok. Eternamente agradecido por esta posibilidad\u201d<\/strong>.<\/p>\n<p>La historia tendr\u00e1 un cap\u00edtulo m\u00e1s en Bak\u00fa.\u00a0<strong>Colapinto podr\u00eda estrenar el casco en el Gran Premio de Azerbaiy\u00e1n<\/strong>, que se correr\u00e1 del 19 al 21 de septiembre. Despu\u00e9s de haber terminado 17\u00b0 en Italia, buscar\u00e1 redimirse en un circuito callejero exigente y vistoso. Y quiz\u00e1 lo haga luciendo este casco bostero.<\/p>\n<div id=\"762921-Libre-1941940009_wrap\" class=\"embed_cont type_imagen\" contenteditable=\"false\"><\/div>\n<\/div>\n<\/article>\n","protected":false},"excerpt":{"rendered":"<p>Franco Colapinto recibi\u00f3 un casco de Boca personalizado con la firma de Mart\u00edn Palermo, uno de los m\u00e1ximos \u00eddolos de<\/p>\n","protected":false},"author":1,"featured_media":26389,"comment_status":"closed","ping_status":"closed","sticky":false,"template":"","format":"standard","meta":{"footnotes":"","jetpack_publicize_message":"","jetpack_publicize_feature_enabled":true,"jetpack_social_post_already_shared":true,"jetpack_social_options":{"image_generator_settings":{"template":"highway","enabled":false},"version":2}},"categories":[9],"tags":[],"class_list":["post-26388","post","type-post","status-publish","format-standard","has-post-thumbnail","hentry","category-deportes"],"jetpack_publicize_connections":[],"_links":{"self":[{"href":"https:\/\/diariorepublica.com.ar\/web\/index.php\/wp-json\/wp\/v2\/posts\/26388"}],"collection":[{"href":"https:\/\/diariorepublica.com.ar\/web\/index.php\/wp-json\/wp\/v2\/posts"}],"about":[{"href":"https:\/\/diariorepublica.com.ar\/web\/index.php\/wp-json\/wp\/v2\/types\/post"}],"author":[{"embeddable":true,"href":"https:\/\/diariorepublica.com.ar\/web\/index.php\/wp-json\/wp\/v2\/users\/1"}],"replies":[{"embeddable":true,"href":"https:\/\/diariorepublica.com.ar\/web\/index.php\/wp-json\/wp\/v2\/comments?post=26388"}],"version-history":[{"count":1,"href":"https:\/\/diariorepublica.com.ar\/web\/index.php\/wp-json\/wp\/v2\/posts\/26388\/revisions"}],"predecessor-version":[{"id":26390,"href":"https:\/\/diariorepublica.com.ar\/web\/index.php\/wp-json\/wp\/v2\/posts\/26388\/revisions\/26390"}],"wp:featuredmedia":[{"embeddable":true,"href":"https:\/\/diariorepublica.com.ar\/web\/index.php\/wp-json\/wp\/v2\/media\/26389"}],"wp:attachment":[{"href":"https:\/\/diariorepublica.com.ar\/web\/index.php\/wp-json\/wp\/v2\/media?parent=26388"}],"wp:term":[{"taxonomy":"category","embeddable":true,"href":"https:\/\/diariorepublica.com.ar\/web\/index.php\/wp-json\/wp\/v2\/categories?post=26388"},{"taxonomy":"post_tag","embeddable":true,"href":"https:\/\/diariorepublica.com.ar\/web\/index.php\/wp-json\/wp\/v2\/tags?post=26388"}],"curies":[{"name":"wp","href":"https:\/\/api.w.org\/{rel}","templated":true}]}}