{"id":26394,"date":"2025-09-12T07:44:43","date_gmt":"2025-09-12T10:44:43","guid":{"rendered":"https:\/\/diariorepublica.com.ar\/web\/?p=26394"},"modified":"2025-09-12T07:44:45","modified_gmt":"2025-09-12T10:44:45","slug":"asesor-de-lla-confirmo-a-la-justicia-los-dichos-de-diego-spagnuolo-sobre-las-coimas-en-andis","status":"publish","type":"post","link":"https:\/\/diariorepublica.com.ar\/web\/index.php\/nacionales\/2025\/09\/12\/asesor-de-lla-confirmo-a-la-justicia-los-dichos-de-diego-spagnuolo-sobre-las-coimas-en-andis\/","title":{"rendered":"Asesor de LLA confirm\u00f3 a la Justicia los dichos de Diego Spagnuolo sobre las coimas en ANDIS"},"content":{"rendered":"<p>El consultor y asesor de comunicaci\u00f3n de LLA, Fernando Cerimedo confirm\u00f3 bajo juramento de decir verdad, que el ex titular de la Agencia Nacional de Discapacidad (ANDIS) Diego Spagnuolo le habl\u00f3 sobre un \u201cesquema de corrupci\u00f3n\u201d en el organismo.<\/p>\n<p>Ante el fiscal Franco Picardi, Cerimedo confirm\u00f3 que Spagnuolo le cont\u00f3 de \u201ccoimas\u201d, del reparto de las comisiones en el marco de las compras de medicamentos a la droguer\u00eda Suizo Argentina.<\/p>\n<p>Fuentes judiciales confirmaron a \u00c1mbito que Cerimedo confirm\u00f3 que Spagnuolo le dijo lo mismo que se escucha en los audios difundidos por un canal de streaming y medios de prensa.<\/p>\n<p>En esos audios, Spagnuolo apunt\u00f3 a la secretaria general de la Presidencia Karina Milei y a su asesor Eduardo \u201cLule\u201d Menem.<\/p>\n<p>Cerimedo, uno de los due\u00f1os de La Derecha Diario, hab\u00eda dicho que Spagnuolo le habl\u00f3 sobre la situaci\u00f3n en ANDIS en varias oportunidades. Hoy ratific\u00f3 sus dichos ante la justicia.<\/p>\n<p>Tambi\u00e9n hab\u00eda dicho que alguien ten\u00eda esos audios guardados para usarlos en \u00e9poca de elecciones.<\/p>\n<p>Neg\u00f3 en cambio, haber sido \u00e9l quien grab\u00f3 las conversaciones y filtrado su contenido.<\/p>\n<p>Los audios de las presuntas coimas no son considerados por el fiscal Picardi como elemento de prueba.\u00a0<strong>\u201cSon un indicio a partir del cual se comenz\u00f3 a recolectar prueba\u201d<\/strong>, explicaron las fuentes.<\/p>\n<p>En cambio, los due\u00f1os de la droguer\u00eda Suizo Argentina, Eduardo Kovalivker y sus hijos Jonathan y Emmanuel, plantearon la nulidad de la causa basada en la ilegalidad de los audios.<\/p>\n<p>Su defensor sostuvo que todo lo actuado en la causa debe ser declarado nulo porque el origen de la investigaci\u00f3n, los audios, son ileg\u00edtimos.<\/p>\n<p>La causa sigue en secreto de sumario, y por ahora la defensa de Spagnuolo no contest\u00f3 sobre el planteo de nulidad. Sigue flotando en el aire de Comodoro Py la posibilidad de que cuando tenga acceso a la totalidad del expediente se presente como \u201carrepentido\u201d.<\/p>\n<p>ambito.com<\/p>\n","protected":false},"excerpt":{"rendered":"<p>El consultor y asesor de comunicaci\u00f3n de LLA, Fernando Cerimedo confirm\u00f3 bajo juramento de decir verdad, que el ex titular<\/p>\n","protected":false},"author":1,"featured_media":26395,"comment_status":"closed","ping_status":"closed","sticky":false,"template":"","format":"standard","meta":{"footnotes":"","jetpack_publicize_message":"","jetpack_publicize_feature_enabled":true,"jetpack_social_post_already_shared":true,"jetpack_social_options":{"image_generator_settings":{"template":"highway","enabled":false},"version":2}},"categories":[4],"tags":[],"class_list":["post-26394","post","type-post","status-publish","format-standard","has-post-thumbnail","hentry","category-nacionales"],"jetpack_publicize_connections":[],"_links":{"self":[{"href":"https:\/\/diariorepublica.com.ar\/web\/index.php\/wp-json\/wp\/v2\/posts\/26394"}],"collection":[{"href":"https:\/\/diariorepublica.com.ar\/web\/index.php\/wp-json\/wp\/v2\/posts"}],"about":[{"href":"https:\/\/diariorepublica.com.ar\/web\/index.php\/wp-json\/wp\/v2\/types\/post"}],"author":[{"embeddable":true,"href":"https:\/\/diariorepublica.com.ar\/web\/index.php\/wp-json\/wp\/v2\/users\/1"}],"replies":[{"embeddable":true,"href":"https:\/\/diariorepublica.com.ar\/web\/index.php\/wp-json\/wp\/v2\/comments?post=26394"}],"version-history":[{"count":1,"href":"https:\/\/diariorepublica.com.ar\/web\/index.php\/wp-json\/wp\/v2\/posts\/26394\/revisions"}],"predecessor-version":[{"id":26396,"href":"https:\/\/diariorepublica.com.ar\/web\/index.php\/wp-json\/wp\/v2\/posts\/26394\/revisions\/26396"}],"wp:featuredmedia":[{"embeddable":true,"href":"https:\/\/diariorepublica.com.ar\/web\/index.php\/wp-json\/wp\/v2\/media\/26395"}],"wp:attachment":[{"href":"https:\/\/diariorepublica.com.ar\/web\/index.php\/wp-json\/wp\/v2\/media?parent=26394"}],"wp:term":[{"taxonomy":"category","embeddable":true,"href":"https:\/\/diariorepublica.com.ar\/web\/index.php\/wp-json\/wp\/v2\/categories?post=26394"},{"taxonomy":"post_tag","embeddable":true,"href":"https:\/\/diariorepublica.com.ar\/web\/index.php\/wp-json\/wp\/v2\/tags?post=26394"}],"curies":[{"name":"wp","href":"https:\/\/api.w.org\/{rel}","templated":true}]}}