{"id":26397,"date":"2025-09-12T01:44:00","date_gmt":"2025-09-12T04:44:00","guid":{"rendered":"https:\/\/diariorepublica.com.ar\/web\/?p=26397"},"modified":"2025-09-12T07:46:03","modified_gmt":"2025-09-12T10:46:03","slug":"tribunal-supremo-de-brasil-condeno-a-bolsonaro-a-27-anos-de-prision-por-intento-de-golpe","status":"publish","type":"post","link":"https:\/\/diariorepublica.com.ar\/web\/index.php\/internacionales\/2025\/09\/12\/tribunal-supremo-de-brasil-condeno-a-bolsonaro-a-27-anos-de-prision-por-intento-de-golpe\/","title":{"rendered":"Tribunal Supremo de Brasil conden\u00f3 a Bolsonaro a 27 a\u00f1os de prisi\u00f3n por intento de golpe"},"content":{"rendered":"<p><strong>La Primera Sala del Supremo Tribunal Federal (STF) conden\u00f3 este jueves al expresidente Jair Bolsonaro a 27 a\u00f1os y tres meses de prisi\u00f3n, en el proceso penal relacionado con el intento de golpe de Estado contra Luiz In\u00e1cio Lula Da Silva.<\/strong><\/p>\n<p>Por\u00a0<strong>cuatro votos contra uno\u00a0<\/strong>el exmandatario fue sentenciado, al igual que los otros siete enjuiciados, involucrados en un plan para socavar las instituciones republicanas, luego de las elecciones de 2022, que derivaron en el triunfo de\u00a0<strong>Lula,\u00a0<\/strong>actualmente en el poder.<\/p>\n<p><strong>El fallo profundiza la divisi\u00f3n pol\u00edtica en Brasil y probablemente provocar\u00e1 una reacci\u00f3n del gobierno de Estados Unidos.<\/strong>\u00a0El juicio a Bolsonaro cobr\u00f3 nueva relevancia despu\u00e9s de que el presidente estadounidense, Donald Trump, vinculara un arancel del 50% sobre productos brasile\u00f1os a la situaci\u00f3n legal de su aliado, calific\u00e1ndolo de \u00abcaza de brujas\u00bb.<\/p>\n<p>Despu\u00e9s de tres d\u00edas de votaciones, los votos a favor de la condena fueron emitidos por los jueces\u00a0<strong>Alexandre de Moraes, Fl\u00e1vio Dino, Carmen L\u00facia y Cristiano Zanin.<\/strong><\/p>\n<p>Tras la votaci\u00f3n del ponente, el ministro\u00a0<strong>Alexandre de Moraes\u00a0<\/strong>, el panel entendi\u00f3 que los acusados \u200b\u200bdeben ser condenados por los delitos de\u00a0<strong>organizaci\u00f3n criminal armada, tentativa de abolici\u00f3n violenta del Estado Democr\u00e1tico de Derecho, golpe de Estado, da\u00f1o calificado por violencia y amenaza grave y deterioro del patrimonio catalogado.<\/strong><\/p>\n<p>La excepci\u00f3n es el acusado Alexandre Ramagem, quien fue condenado \u00fanicamente por los delitos de constituci\u00f3n de una organizaci\u00f3n criminal armada, intento de abolir violentamente el Estado de derecho y golpe de Estado. Diputado federal en funciones, se benefici\u00f3 de la suspensi\u00f3n parcial de los cargos y solo fue imputado por tres de los cinco delitos imputados por la Fiscal\u00eda General de la Rep\u00fablica.<\/p>\n<p>En la sesi\u00f3n de ayer, el juez<strong>\u00a0Luiz Fux absolvi\u00f3 a Bolsonaro y a otros cinco aliados.<\/strong>\u00a0Sin embargo, el ministro vot\u00f3 a favor de condenar a Mauro Cid y al general Braga Netto \u00fanicamente por el delito de abolici\u00f3n del Estado Democr\u00e1tico de Derecho.<\/p>\n<p>El voto final para la condena de los acusados \u200b\u200bfue emitido por el juez\u00a0<strong>Cristiano Zanin,\u00a0<\/strong>quien preside el panel. El juez dictamin\u00f3 que los acusados \u200b\u200bformaban parte de una organizaci\u00f3n criminal para mantener su poder.<\/p>\n<p>\u201cLas pruebas del caso permiten concluir que los imputados\u00a0<strong>pretendieron quebrantar el Estado<\/strong>\u00a0Democr\u00e1tico de Derecho, incitando deliberadamente y expresamente al uso del poder de las Fuerzas Armadas\u201d, afirm\u00f3 Zanin.<\/p>\n<p>En su declaraci\u00f3n de hoy, la ministra<strong>\u00a0L\u00facia<\/strong>\u00a0afirm\u00f3 que el juicio por el intento de golpe remite al pasado de Brasil, con rupturas institucionales.<\/p>\n<p>\u00abLo in\u00e9dito de esta acci\u00f3n criminal es que vibra con el Brasil que me duele. Esta acci\u00f3n criminal es casi un encuentro de Brasil con su pasado, su presente y su futuro en el \u00e1mbito de las pol\u00edticas p\u00fablicas de los organismos estatales\u00bb, afirm\u00f3.<\/p>\n<p>C\u00e1rmen L\u00facia tambi\u00e9n destac\u00f3 que Bolsonaro y los dem\u00e1s acusados \u200b\u200bno pueden cuestionar la legitimidad de la Ley 14.197\/21, ley que defini\u00f3 los cr\u00edmenes contra la democracia y que fue utilizada por la Procuradur\u00eda General de la Rep\u00fablica (PGR) para fundamentar la acusaci\u00f3n.<\/p>\n<p>La norma fue sancionada por el ex presidente y los acusados \u200b\u200bAnderson Torres, Braga Netto y Augusto Heleno, ex miembros del gobierno.<\/p>\n<p>\u00abNo solo la ley es leg\u00edtima, sino que no se puede decir que se desconociera que intentaron socavar la democracia. Cuatro de los ocho acusados \u200b\u200bson precisamente los autores materiales, los autores del aut\u00f3grafo\u00bb, afirm\u00f3.<\/p>\n<p><strong>La magistrada tambi\u00e9n afirm\u00f3 que los actos golpistas del 8 de enero del 2023, \u00abno fueron un acontecimiento banal, despu\u00e9s de un almuerzo dominical, cuando la gente sali\u00f3 a pasear\u00bb.<\/strong><\/p>\n<p>Se refer\u00eda a cuando cuando partidarios de Bolsonaro irrumpieron en la sede del Congreso como protesta por la victoria de Lula da Silva en las elecciones generales de 2022,\u00a0 en la C\u00e1mara de Diputados e intentaron invadir el Palacio de Planalto.<\/p>\n<p>La jueza afirm\u00f3 que hay \u00abpruebas contundentes\u00bb de la participaci\u00f3n del expresidente Bolsonaro y los dem\u00e1s acusados \u200b\u200ben una \u00abempresa criminal\u00bb.<\/p>\n<p>-Voto de los jueces Alexandre de Moraes, Flavio Dino, Carmen Luc\u00eda y Cristiano Zanin:<\/p>\n<p>Votaci\u00f3n a favor de la condena de todos los acusados \u200b\u200bpor los delitos de organizaci\u00f3n criminal armada, intento de abolici\u00f3n violenta del Estado Democr\u00e1tico de Derecho, golpe de Estado, da\u00f1os calificados por violencia y amenaza grave, y da\u00f1os al patrimonio protegido.<\/p>\n<p>Los magistrados Alexandre de Moraes y Fl\u00e1vio Dino votaron el martes. La excepci\u00f3n es el acusado Alexandre Ramagem, quien fue condenado \u00fanicamente por los delitos de organizaci\u00f3n criminal armada, intento de abolici\u00f3n violenta del Estado Democr\u00e1tico de Derecho y golpe de Estado. Diputado federal en funciones, se benefici\u00f3 de la suspensi\u00f3n parcial de los cargos y fue imputado \u00fanicamente por tres de los cinco delitos imputados por la Fiscal\u00eda General de la Rep\u00fablica-<\/p>\n<p>-Voto del juez Luis Fux:<\/p>\n<p>Voto por la absoluci\u00f3n de Bolsonaro, Alexandre Ramagem, Augusto Heleno, Paulo S\u00e9rgio Nogueira, Anderson Torres y Almir Garnier de todos los delitos.<\/p>\n<p>Voto por condenar a Mauro Cid y Braga Netto \u00fanicamente por el delito de abolici\u00f3n del Estado Democr\u00e1tico de Derecho.<\/p>\n<p><strong>El veredicto y las posibles consecuencias<\/strong><\/p>\n<p>Bolsonaro, de 70 a\u00f1os,\u00a0<strong>se encuentra actualmente bajo arresto domiciliario<\/strong>\u00a0y no asisti\u00f3 al tribunal. Sus abogados han anunciado que apelar\u00e1n el veredicto ante el pleno del Tribunal Supremo, compuesto por once jueces.<\/p>\n<p>A pesar de sus problemas legales y de haber sido inhabilitado para postularse a cargos p\u00fablicos hasta 2030,\u00a0<strong>Bolsonaro sigue siendo una figura pol\u00edtica poderosa en Brasil<\/strong>. Se espera que, tras este fallo, elija a un heredero pol\u00edtico para competir en las pr\u00f3ximas elecciones presidenciales contra el actual presidente, Luiz In\u00e1cio Lula da Silva.<\/p>\n<p>Adem\u00e1s, la condena podr\u00eda motivar a los legisladores aliados de Bolsonaro a\u00a0<strong>buscar una amnist\u00eda a trav\u00e9s del Congreso<\/strong>. El debate sobre la sentencia se espera para el viernes, y podr\u00eda intensificar la presi\u00f3n sobre el expresidente para definir su futuro pol\u00edtico.<\/p>\n<p>NA<\/p>\n","protected":false},"excerpt":{"rendered":"<p>La Primera Sala del Supremo Tribunal Federal (STF) conden\u00f3 este jueves al expresidente Jair Bolsonaro a 27 a\u00f1os y tres<\/p>\n","protected":false},"author":1,"featured_media":26398,"comment_status":"closed","ping_status":"closed","sticky":false,"template":"","format":"standard","meta":{"footnotes":"","jetpack_publicize_message":"","jetpack_publicize_feature_enabled":true,"jetpack_social_post_already_shared":true,"jetpack_social_options":{"image_generator_settings":{"template":"highway","enabled":false},"version":2}},"categories":[6],"tags":[],"class_list":["post-26397","post","type-post","status-publish","format-standard","has-post-thumbnail","hentry","category-internacionales"],"jetpack_publicize_connections":[],"_links":{"self":[{"href":"https:\/\/diariorepublica.com.ar\/web\/index.php\/wp-json\/wp\/v2\/posts\/26397"}],"collection":[{"href":"https:\/\/diariorepublica.com.ar\/web\/index.php\/wp-json\/wp\/v2\/posts"}],"about":[{"href":"https:\/\/diariorepublica.com.ar\/web\/index.php\/wp-json\/wp\/v2\/types\/post"}],"author":[{"embeddable":true,"href":"https:\/\/diariorepublica.com.ar\/web\/index.php\/wp-json\/wp\/v2\/users\/1"}],"replies":[{"embeddable":true,"href":"https:\/\/diariorepublica.com.ar\/web\/index.php\/wp-json\/wp\/v2\/comments?post=26397"}],"version-history":[{"count":1,"href":"https:\/\/diariorepublica.com.ar\/web\/index.php\/wp-json\/wp\/v2\/posts\/26397\/revisions"}],"predecessor-version":[{"id":26399,"href":"https:\/\/diariorepublica.com.ar\/web\/index.php\/wp-json\/wp\/v2\/posts\/26397\/revisions\/26399"}],"wp:featuredmedia":[{"embeddable":true,"href":"https:\/\/diariorepublica.com.ar\/web\/index.php\/wp-json\/wp\/v2\/media\/26398"}],"wp:attachment":[{"href":"https:\/\/diariorepublica.com.ar\/web\/index.php\/wp-json\/wp\/v2\/media?parent=26397"}],"wp:term":[{"taxonomy":"category","embeddable":true,"href":"https:\/\/diariorepublica.com.ar\/web\/index.php\/wp-json\/wp\/v2\/categories?post=26397"},{"taxonomy":"post_tag","embeddable":true,"href":"https:\/\/diariorepublica.com.ar\/web\/index.php\/wp-json\/wp\/v2\/tags?post=26397"}],"curies":[{"name":"wp","href":"https:\/\/api.w.org\/{rel}","templated":true}]}}