{"id":26400,"date":"2025-09-12T00:16:00","date_gmt":"2025-09-12T03:16:00","guid":{"rendered":"https:\/\/diariorepublica.com.ar\/web\/?p=26400"},"modified":"2025-09-12T07:47:49","modified_gmt":"2025-09-12T10:47:49","slug":"encontraron-muertos-al-padre-y-su-hijo-de-3-anos-que-desaparecieron-en-capilla-del-monte","status":"publish","type":"post","link":"https:\/\/diariorepublica.com.ar\/web\/index.php\/nacionales\/2025\/09\/12\/encontraron-muertos-al-padre-y-su-hijo-de-3-anos-que-desaparecieron-en-capilla-del-monte\/","title":{"rendered":"Encontraron muertos al padre y su hijo de 3 a\u00f1os que desaparecieron en Capilla del Monte"},"content":{"rendered":"<p>La Polic\u00eda de C\u00f3rdoba\u00a0<strong>encontr\u00f3 los cuerpos sin vida de Cristian Flank y su hijo \u00c1lvaro en las aguas del Dique El Caj\u00f3n<\/strong>, en la ciudad cordobesa de Capilla del Monte, luego de permanecer desaparecidos durante m\u00e1s de 24 horas.<\/p>\n<p>Las v\u00edctimas se extraviaron el mi\u00e9rcoles\u00a0<strong>cuando salieron a dar un paseo y no regresaron a su hogar<\/strong>, seg\u00fan denunci\u00f3 la madre del menor.<\/p>\n<p>Efectivos del Departamento de Unidades de Alto Riesgo de la Polic\u00eda de C\u00f3rdoba (DUAR) hallaron los cad\u00e1veres donde se llevaban a cabo los rastrillajes,\u00a0<strong>a m\u00e1s de dos metros de profundidad.<\/strong><\/p>\n<p>De acuerdo a la informaci\u00f3n de medios locales,<strong>\u00a0ambos cuerpos estaban enganchados entre ramas<\/strong>, al tiempo que la fiscal\u00eda a cargo de Nelson Lingua trataba de determinar las circunstancias del hecho.<\/p>\n<p>El auto Chevrolet Aveo gris estaba\u00a0<strong>cerrado con llave y estacionado a pocos metros del dique.<\/strong><\/p>\n<p>Los investigadores descubrieron pisadas que pertenecer\u00edan a personas que caminaron a casi un kil\u00f3metro del lugar donde se hall\u00f3 el autom\u00f3vil, por lo que se sospecha que corresponder\u00edan al padre y el menor.<\/p>\n<p>En di\u00e1logo con El Doce, Lorena, la madre de \u00c1lvaro, dijo que ambos \u00absalieron de la casa como otras veces para ir a la playa, a jugar, tirar piedritas\u00bb.<\/p>\n<p>\u00abComo no volv\u00edan, yo los llam\u00e9 y no contestaban. Encontr\u00e9 el auto cerrado. Solo, vac\u00edo. No se lo ve forzado, nada\u00bb, agreg\u00f3.<\/p>\n<p>En el operativo participaron equipos de buzos, agentes del DUAR, brigadas del ETAC, bomberos voluntarios, personal de la Departamental Punilla, perros rastreadores y se utilizaron drones para realizar la b\u00fasqueda desde el aire.<\/p>\n<p>Se espera que a los cuerpos se les practique las autopsias pertinentes para constatar la data de muerte y las causas.<\/p>\n","protected":false},"excerpt":{"rendered":"<p>La Polic\u00eda de C\u00f3rdoba\u00a0encontr\u00f3 los cuerpos sin vida de Cristian Flank y su hijo \u00c1lvaro en las aguas del Dique<\/p>\n","protected":false},"author":1,"featured_media":26401,"comment_status":"closed","ping_status":"closed","sticky":false,"template":"","format":"standard","meta":{"footnotes":"","jetpack_publicize_message":"","jetpack_publicize_feature_enabled":true,"jetpack_social_post_already_shared":true,"jetpack_social_options":{"image_generator_settings":{"template":"highway","enabled":false},"version":2}},"categories":[4],"tags":[],"class_list":["post-26400","post","type-post","status-publish","format-standard","has-post-thumbnail","hentry","category-nacionales"],"jetpack_publicize_connections":[],"_links":{"self":[{"href":"https:\/\/diariorepublica.com.ar\/web\/index.php\/wp-json\/wp\/v2\/posts\/26400"}],"collection":[{"href":"https:\/\/diariorepublica.com.ar\/web\/index.php\/wp-json\/wp\/v2\/posts"}],"about":[{"href":"https:\/\/diariorepublica.com.ar\/web\/index.php\/wp-json\/wp\/v2\/types\/post"}],"author":[{"embeddable":true,"href":"https:\/\/diariorepublica.com.ar\/web\/index.php\/wp-json\/wp\/v2\/users\/1"}],"replies":[{"embeddable":true,"href":"https:\/\/diariorepublica.com.ar\/web\/index.php\/wp-json\/wp\/v2\/comments?post=26400"}],"version-history":[{"count":1,"href":"https:\/\/diariorepublica.com.ar\/web\/index.php\/wp-json\/wp\/v2\/posts\/26400\/revisions"}],"predecessor-version":[{"id":26402,"href":"https:\/\/diariorepublica.com.ar\/web\/index.php\/wp-json\/wp\/v2\/posts\/26400\/revisions\/26402"}],"wp:featuredmedia":[{"embeddable":true,"href":"https:\/\/diariorepublica.com.ar\/web\/index.php\/wp-json\/wp\/v2\/media\/26401"}],"wp:attachment":[{"href":"https:\/\/diariorepublica.com.ar\/web\/index.php\/wp-json\/wp\/v2\/media?parent=26400"}],"wp:term":[{"taxonomy":"category","embeddable":true,"href":"https:\/\/diariorepublica.com.ar\/web\/index.php\/wp-json\/wp\/v2\/categories?post=26400"},{"taxonomy":"post_tag","embeddable":true,"href":"https:\/\/diariorepublica.com.ar\/web\/index.php\/wp-json\/wp\/v2\/tags?post=26400"}],"curies":[{"name":"wp","href":"https:\/\/api.w.org\/{rel}","templated":true}]}}