{"id":26403,"date":"2025-09-12T06:48:00","date_gmt":"2025-09-12T09:48:00","guid":{"rendered":"https:\/\/diariorepublica.com.ar\/web\/?p=26403"},"modified":"2025-09-12T07:49:37","modified_gmt":"2025-09-12T10:49:37","slug":"milei-veta-la-ley-de-redistribucion-automatica-de-atn-golpe-a-los-gobernadores-y-nuevo-frente-de-conflicto","status":"publish","type":"post","link":"https:\/\/diariorepublica.com.ar\/web\/index.php\/politica\/2025\/09\/12\/milei-veta-la-ley-de-redistribucion-automatica-de-atn-golpe-a-los-gobernadores-y-nuevo-frente-de-conflicto\/","title":{"rendered":"Milei veta la Ley de Redistribuci\u00f3n Autom\u00e1tica de ATN: golpe a los gobernadores y nuevo frente de conflicto"},"content":{"rendered":"<p>El Gobierno de\u00a0<strong>Javier Milei<\/strong>\u00a0consum\u00f3 este jueves un nuevo veto total a una ley sancionada por el Congreso, esta vez al\u00a0<strong>Proyecto de Ley N\u00ba 27.794<\/strong>, que establec\u00eda la redistribuci\u00f3n autom\u00e1tica de los\u00a0<strong>Aportes del Tesoro Nacional (ATN)<\/strong>\u00a0a las provincias. La medida, formalizada a trav\u00e9s del Decreto 652\/2025, representa un duro golpe para los gobernadores, que esperaban esta normativa para asegurar fondos y reducir la discrecionalidad en su asignaci\u00f3n.<\/p>\n<p>El veto, que se suma al rechazo de la Ley de Financiamiento Universitario y la de Emergencia en el Garrahan, profundiza el enfrentamiento entre el Poder Ejecutivo y las provincias.\u00a0<strong>Seg\u00fan supo Noticias Argentinas<\/strong>, la decisi\u00f3n agudiza el malestar en los distritos, que ven c\u00f3mo se bloquean iniciativas clave para sus finanzas en un momento de tensi\u00f3n econ\u00f3mica y pol\u00edtica.<\/p>\n<p><strong>La ley vetada y los argumentos del Gobierno<\/strong><\/p>\n<p>El Proyecto de Ley N\u00ba 27.794, sancionado por el Congreso el 20 de agosto de 2025, buscaba modificar el r\u00e9gimen de los ATN, un fondo creado por el art\u00edculo 3\u00ba, inciso d) de la Ley N\u00b0 23.548 de Coparticipaci\u00f3n Federal de Recursos Fiscales, con la finalidad de atender \u00abdesequilibrios financieros y situaciones de emergencia\u00bb de las provincias y la Ciudad Aut\u00f3noma de Buenos Aires.<\/p>\n<p>Los puntos centrales de la ley vetada eran:<\/p>\n<ul>\n<li>Redistribuci\u00f3n autom\u00e1tica: Establec\u00eda que los recursos de los ATN ser\u00edan redistribuidos \u00aben forma diaria y autom\u00e1tica\u00bb y en las mismas condiciones que la coparticipaci\u00f3n federal.<\/li>\n<li>Integraci\u00f3n a la masa coparticipable: Los recursos que la compusieran ser\u00edan considerados \u00abintegrantes de la masa de fondos coparticipable\u00bb.<\/li>\n<li>Inclusi\u00f3n de TDF y CABA: Consideraba los porcentajes reconocidos a la Provincia de Tierra del Fuego, Ant\u00e1rtida e Islas del Atl\u00e1ntico Sur y a la Ciudad Aut\u00f3noma de Buenos Aires.<\/li>\n<\/ul>\n<p>El Gobierno, en los considerandos del Decreto 652\/2025, argumenta que el Fondo de ATN fue instituido con una \u00abfinalidad espec\u00edfica\u00bb de atender emergencias y desequilibrios financieros, bajo la asignaci\u00f3n del entonces Ministerio del Interior (actual Vicejefatura de Gabinete del Interior). Impl\u00edcitamente, el veto busca preservar la capacidad del Ejecutivo de asignar estos fondos de manera discrecional, rechazando la automatizaci\u00f3n y la integraci\u00f3n a la masa coparticipable.<\/p>\n<p>Este nuevo veto se da en un contexto de recomposici\u00f3n de la estrategia pol\u00edtica del oficialismo tras la derrota en las elecciones de Buenos Aires, que incluy\u00f3 la designaci\u00f3n de Lisandro Catal\u00e1n como ministro del Interior y una mesa de di\u00e1logo encabezada por Guillermo Francos. Sin embargo, estas medidas se ven opacadas por la intransigencia del Presidente ante cualquier iniciativa que considere un riesgo para el equilibrio fiscal, generando m\u00e1s roces con los gobernadores que reclaman mayor autonom\u00eda y previsibilidad en la recepci\u00f3n de fondos nacionales.<\/p>\n<p>NA<\/p>\n","protected":false},"excerpt":{"rendered":"<p>El Gobierno de\u00a0Javier Milei\u00a0consum\u00f3 este jueves un nuevo veto total a una ley sancionada por el Congreso, esta vez al\u00a0Proyecto<\/p>\n","protected":false},"author":1,"featured_media":26404,"comment_status":"closed","ping_status":"closed","sticky":false,"template":"","format":"standard","meta":{"footnotes":"","jetpack_publicize_message":"","jetpack_publicize_feature_enabled":true,"jetpack_social_post_already_shared":true,"jetpack_social_options":{"image_generator_settings":{"template":"highway","enabled":false},"version":2}},"categories":[12],"tags":[],"class_list":["post-26403","post","type-post","status-publish","format-standard","has-post-thumbnail","hentry","category-politica"],"jetpack_publicize_connections":[],"_links":{"self":[{"href":"https:\/\/diariorepublica.com.ar\/web\/index.php\/wp-json\/wp\/v2\/posts\/26403"}],"collection":[{"href":"https:\/\/diariorepublica.com.ar\/web\/index.php\/wp-json\/wp\/v2\/posts"}],"about":[{"href":"https:\/\/diariorepublica.com.ar\/web\/index.php\/wp-json\/wp\/v2\/types\/post"}],"author":[{"embeddable":true,"href":"https:\/\/diariorepublica.com.ar\/web\/index.php\/wp-json\/wp\/v2\/users\/1"}],"replies":[{"embeddable":true,"href":"https:\/\/diariorepublica.com.ar\/web\/index.php\/wp-json\/wp\/v2\/comments?post=26403"}],"version-history":[{"count":1,"href":"https:\/\/diariorepublica.com.ar\/web\/index.php\/wp-json\/wp\/v2\/posts\/26403\/revisions"}],"predecessor-version":[{"id":26405,"href":"https:\/\/diariorepublica.com.ar\/web\/index.php\/wp-json\/wp\/v2\/posts\/26403\/revisions\/26405"}],"wp:featuredmedia":[{"embeddable":true,"href":"https:\/\/diariorepublica.com.ar\/web\/index.php\/wp-json\/wp\/v2\/media\/26404"}],"wp:attachment":[{"href":"https:\/\/diariorepublica.com.ar\/web\/index.php\/wp-json\/wp\/v2\/media?parent=26403"}],"wp:term":[{"taxonomy":"category","embeddable":true,"href":"https:\/\/diariorepublica.com.ar\/web\/index.php\/wp-json\/wp\/v2\/categories?post=26403"},{"taxonomy":"post_tag","embeddable":true,"href":"https:\/\/diariorepublica.com.ar\/web\/index.php\/wp-json\/wp\/v2\/tags?post=26403"}],"curies":[{"name":"wp","href":"https:\/\/api.w.org\/{rel}","templated":true}]}}