{"id":26412,"date":"2025-09-15T07:20:12","date_gmt":"2025-09-15T10:20:12","guid":{"rendered":"https:\/\/diariorepublica.com.ar\/web\/?p=26412"},"modified":"2025-09-15T07:20:14","modified_gmt":"2025-09-15T10:20:14","slug":"mas-de-40-mil-personas-disfrutaron-de-la-6ta-edicion-de-la-feria-de-las-colectividades","status":"publish","type":"post","link":"https:\/\/diariorepublica.com.ar\/web\/index.php\/sociedad\/2025\/09\/15\/mas-de-40-mil-personas-disfrutaron-de-la-6ta-edicion-de-la-feria-de-las-colectividades\/","title":{"rendered":"M\u00e1s de 40 mil personas disfrutaron de la 6ta Edici\u00f3n de la Feria de las Colectividades"},"content":{"rendered":"<p style=\"font-weight: 400;\">La 6ta edici\u00f3n de la Feria de las Colectividades, declarada de inter\u00e9s parlamentario por la C\u00e1mara de Diputados, convoc\u00f3 a una multitud de m\u00e1s de\u00a0<strong>40.000 personas<\/strong>\u00a0en el Parque Ad\u00e1n Quiroga. El evento se convirti\u00f3 en una verdadera fiesta de la diversidad cultural, ofreciendo a los asistentes un recorrido por las tradiciones, la gastronom\u00eda y las danzas de 14 pa\u00edses, representados por sus colectividades que residen en nuestra provincia. El cierre estuvo a cargo del popular cantante catamarque\u00f1o Dami\u00e1n C\u00f3rdoba, que llen\u00f3 de color y alegr\u00eda el evento que suma \u00e9xitos a\u00f1o tras a\u00f1o.<\/p>\n<p style=\"font-weight: 400;\">Durante la jornada, el p\u00fablico pudo deleitarse con un desfile que exhibi\u00f3 la riqueza cultural de las colectividades de\u00a0<strong>Rep\u00fablica Dominicana, Colombia, Italia, la Sirio-Libanesa, Alemania, Espa\u00f1a, Per\u00fa, Jap\u00f3n, Venezuela, M\u00e9xico, Egipto, Brasil, Bolivia y Cuba<\/strong>. Adem\u00e1s de las presentaciones art\u00edsticas y los stands con productos t\u00edpicos, se entregaron reconocimientos especiales. El premio al\u00a0<strong>mejor plato internacional<\/strong>\u00a0fue para\u00a0<strong>M\u00e9xico<\/strong>, que recibi\u00f3 $300.000, mientras que\u00a0<strong>Espa\u00f1a<\/strong>\u00a0se destac\u00f3 con el\u00a0<strong>mejor stand<\/strong>, obteniendo $400.000.<\/p>\n<p style=\"font-weight: 400;\">Durante el encuentro, el secretario de Gobierno y Coordinaci\u00f3n,\u00a0<strong>Germ\u00e1n Kranevitter<\/strong>, manifest\u00f3: \u00ab<strong>Quiero agradecerles especialmente al Intendente de la Capital que a\u00f1o tras a\u00f1o apuesta por construir adelante este tipo de actividades que son tan pero tan importantes para todos los vecinos y vecinas y porque representa tambi\u00e9n un concepto simb\u00f3lico muy fuerte que es la unidad de los pueblos, que es la uni\u00f3n entre todos y cada uno de nosotros<\/strong>\u00ab.<\/p>\n<p style=\"font-weight: 400;\">Por su parte, el intendente de la Capital,\u00a0<strong>Gustavo Saadi<\/strong>, resalt\u00f3: \u00ab<strong>Simplemente quiero decirles que la ciudad de San Fernando del Valle de Catamarca siempre va a ser una ciudad diversa. A todo inmigrante lo vamos a recibir siempre aqu\u00ed como catamarque\u00f1o con los brazos abiertos&#8230; los catamarque\u00f1os y las catamarque\u00f1as somos un pueblo hospitalario que tratamos de que todos vivan en paz y en armon\u00eda. Y gracias por compartir su cultura, sus tradiciones, que realmente enriquecen todo lo que es el acervo cultural de nuestra ciudad<\/strong>\u00ab.<\/p>\n<p style=\"font-weight: 400;\">Adem\u00e1s, el jefe comunal destac\u00f3 el \u00abtrabajo excepcional\u00bb del Consejo de Inmigrantes y la administradora Sol Rold\u00e1n, por la coordinaci\u00f3n del evento de tama\u00f1a magnitud, que colm\u00f3 el Parque Ad\u00e1n Quiroga.<\/p>\n<p style=\"font-weight: 400;\">La gran concurrencia de p\u00fablico al mayor pulm\u00f3n verde de la Capital, confirm\u00f3 el \u00e9xito que cada a\u00f1o obtiene esta propuesta que, edici\u00f3n tras edici\u00f3n, se consolida como un espacio de encuentro y celebraci\u00f3n de la riqueza cultural de Catamarca.<\/p>\n<p style=\"font-weight: 400;\">Acompa\u00f1aron al intendente de la Capital Gustavo Saadi, el Secretario de Gobierno y Coordinaci\u00f3n, Germ\u00e1n Kranevitter, el secretario Mariano Rosales, la secretaria de Turismo y Desarrollo Econ\u00f3mico In\u00e9s Gal\u00edndez, la secretar\u00eda de Cultura, Educaci\u00f3n y Deporte, Marquesa Blanco, los diputados Gustavo Aguirre y Cecilia Barros, el director de Cultura Alejandro Farf\u00e1n y la administradora de los consejos multisectoriales, Sol Roldan.<\/p>\n","protected":false},"excerpt":{"rendered":"<p>La 6ta edici\u00f3n de la Feria de las Colectividades, declarada de inter\u00e9s parlamentario por la C\u00e1mara de Diputados, convoc\u00f3 a<\/p>\n","protected":false},"author":1,"featured_media":26413,"comment_status":"closed","ping_status":"closed","sticky":false,"template":"","format":"standard","meta":{"footnotes":"","jetpack_publicize_message":"","jetpack_publicize_feature_enabled":true,"jetpack_social_post_already_shared":true,"jetpack_social_options":{"image_generator_settings":{"template":"highway","enabled":false},"version":2}},"categories":[3],"tags":[],"class_list":["post-26412","post","type-post","status-publish","format-standard","has-post-thumbnail","hentry","category-sociedad"],"jetpack_publicize_connections":[],"_links":{"self":[{"href":"https:\/\/diariorepublica.com.ar\/web\/index.php\/wp-json\/wp\/v2\/posts\/26412"}],"collection":[{"href":"https:\/\/diariorepublica.com.ar\/web\/index.php\/wp-json\/wp\/v2\/posts"}],"about":[{"href":"https:\/\/diariorepublica.com.ar\/web\/index.php\/wp-json\/wp\/v2\/types\/post"}],"author":[{"embeddable":true,"href":"https:\/\/diariorepublica.com.ar\/web\/index.php\/wp-json\/wp\/v2\/users\/1"}],"replies":[{"embeddable":true,"href":"https:\/\/diariorepublica.com.ar\/web\/index.php\/wp-json\/wp\/v2\/comments?post=26412"}],"version-history":[{"count":1,"href":"https:\/\/diariorepublica.com.ar\/web\/index.php\/wp-json\/wp\/v2\/posts\/26412\/revisions"}],"predecessor-version":[{"id":26414,"href":"https:\/\/diariorepublica.com.ar\/web\/index.php\/wp-json\/wp\/v2\/posts\/26412\/revisions\/26414"}],"wp:featuredmedia":[{"embeddable":true,"href":"https:\/\/diariorepublica.com.ar\/web\/index.php\/wp-json\/wp\/v2\/media\/26413"}],"wp:attachment":[{"href":"https:\/\/diariorepublica.com.ar\/web\/index.php\/wp-json\/wp\/v2\/media?parent=26412"}],"wp:term":[{"taxonomy":"category","embeddable":true,"href":"https:\/\/diariorepublica.com.ar\/web\/index.php\/wp-json\/wp\/v2\/categories?post=26412"},{"taxonomy":"post_tag","embeddable":true,"href":"https:\/\/diariorepublica.com.ar\/web\/index.php\/wp-json\/wp\/v2\/tags?post=26412"}],"curies":[{"name":"wp","href":"https:\/\/api.w.org\/{rel}","templated":true}]}}