{"id":26415,"date":"2025-09-15T06:22:00","date_gmt":"2025-09-15T09:22:00","guid":{"rendered":"https:\/\/diariorepublica.com.ar\/web\/?p=26415"},"modified":"2025-09-15T07:25:06","modified_gmt":"2025-09-15T10:25:06","slug":"habilitan-nuevas-lineas-de-colectivos-para-fortalecer-la-conectividad-en-ambato","status":"publish","type":"post","link":"https:\/\/diariorepublica.com.ar\/web\/index.php\/locales\/2025\/09\/15\/habilitan-nuevas-lineas-de-colectivos-para-fortalecer-la-conectividad-en-ambato\/","title":{"rendered":"Habilitan nuevas l\u00edneas de colectivos para fortalecer la conectividad en Ambato"},"content":{"rendered":"<p>En respuesta a la creciente demanda registrada durante la Semana del Estudiante y con el objetivo de mejorar el transporte de pasajeros, el Ministerio de Integraci\u00f3n Regional, Log\u00edstica y Transporte pondr\u00e1 en marcha un nuevo corredor que enlazar\u00e1 Capital, El Rodeo y La Puerta, incorporando adem\u00e1s horarios especiales con extensi\u00f3n a localidades m\u00e1s alejadas.<\/p>\n<p>El servicio se brindar\u00e1 mediante recorridos circulares que conectar\u00e1n Capital-El Rodeo-La Puerta-Capital y, en sentido inverso, Capital-La Puerta-El Rodeo-Capital. Estos nuevos recorridos estar\u00e1n habilitados a partir del martes 16 de septiembre en m\u00faltiples horarios durante todo el d\u00eda.<\/p>\n<p>La novedad de este nuevo trayecto es la incorporaci\u00f3n de la Ruta Provincial N\u00b016 (El Rodeo-La Puerta), que por primera vez contar\u00e1 con un servicio regular de transporte p\u00fablico de pasajeros, lo que representa un avance largamente esperado que facilitar\u00e1 la conexi\u00f3n directa entre la Ruta N\u00b04 y la Ruta N\u00b01, mejorando la movilidad de residentes y turistas, e impulsando el desarrollo y la integraci\u00f3n regional.<\/p>\n","protected":false},"excerpt":{"rendered":"<p>En respuesta a la creciente demanda registrada durante la Semana del Estudiante y con el objetivo de mejorar el transporte<\/p>\n","protected":false},"author":1,"featured_media":26416,"comment_status":"closed","ping_status":"closed","sticky":false,"template":"","format":"standard","meta":{"footnotes":"","jetpack_publicize_message":"","jetpack_publicize_feature_enabled":true,"jetpack_social_post_already_shared":true,"jetpack_social_options":{"image_generator_settings":{"template":"highway","enabled":false},"version":2}},"categories":[2],"tags":[],"class_list":["post-26415","post","type-post","status-publish","format-standard","has-post-thumbnail","hentry","category-locales"],"jetpack_publicize_connections":[],"_links":{"self":[{"href":"https:\/\/diariorepublica.com.ar\/web\/index.php\/wp-json\/wp\/v2\/posts\/26415"}],"collection":[{"href":"https:\/\/diariorepublica.com.ar\/web\/index.php\/wp-json\/wp\/v2\/posts"}],"about":[{"href":"https:\/\/diariorepublica.com.ar\/web\/index.php\/wp-json\/wp\/v2\/types\/post"}],"author":[{"embeddable":true,"href":"https:\/\/diariorepublica.com.ar\/web\/index.php\/wp-json\/wp\/v2\/users\/1"}],"replies":[{"embeddable":true,"href":"https:\/\/diariorepublica.com.ar\/web\/index.php\/wp-json\/wp\/v2\/comments?post=26415"}],"version-history":[{"count":1,"href":"https:\/\/diariorepublica.com.ar\/web\/index.php\/wp-json\/wp\/v2\/posts\/26415\/revisions"}],"predecessor-version":[{"id":26417,"href":"https:\/\/diariorepublica.com.ar\/web\/index.php\/wp-json\/wp\/v2\/posts\/26415\/revisions\/26417"}],"wp:featuredmedia":[{"embeddable":true,"href":"https:\/\/diariorepublica.com.ar\/web\/index.php\/wp-json\/wp\/v2\/media\/26416"}],"wp:attachment":[{"href":"https:\/\/diariorepublica.com.ar\/web\/index.php\/wp-json\/wp\/v2\/media?parent=26415"}],"wp:term":[{"taxonomy":"category","embeddable":true,"href":"https:\/\/diariorepublica.com.ar\/web\/index.php\/wp-json\/wp\/v2\/categories?post=26415"},{"taxonomy":"post_tag","embeddable":true,"href":"https:\/\/diariorepublica.com.ar\/web\/index.php\/wp-json\/wp\/v2\/tags?post=26415"}],"curies":[{"name":"wp","href":"https:\/\/api.w.org\/{rel}","templated":true}]}}