{"id":26418,"date":"2025-09-15T07:35:34","date_gmt":"2025-09-15T10:35:34","guid":{"rendered":"https:\/\/diariorepublica.com.ar\/web\/?p=26418"},"modified":"2025-09-15T07:35:36","modified_gmt":"2025-09-15T10:35:36","slug":"el-gasto-publico-cayo-31-en-lo-que-va-del-ano-y-el-ajuste-golpea-salud-educacion-y-obra-publica","status":"publish","type":"post","link":"https:\/\/diariorepublica.com.ar\/web\/index.php\/economia\/2025\/09\/15\/el-gasto-publico-cayo-31-en-lo-que-va-del-ano-y-el-ajuste-golpea-salud-educacion-y-obra-publica\/","title":{"rendered":"El gasto p\u00fablico cay\u00f3 31% en lo que va del a\u00f1o y el ajuste golpea salud, educaci\u00f3n y obra p\u00fablica"},"content":{"rendered":"<article class=\"article-body article-body--first-paragraph content-protected-false\" data-td-script-src=\"https:\/\/www.ambito.com\/td\/modulos\/encuestas\/js\/function-embeds-min-version-1757822913.js\">\n<p data-start=\"360\" data-end=\"799\">El\u00a0<strong data-start=\"363\" data-end=\"411\">Centro de Econom\u00eda Pol\u00edtica Argentina (CEPA)<\/strong>\u00a0difundi\u00f3 un informe sobre la\u00a0<strong data-start=\"441\" data-end=\"507\">Ejecuci\u00f3n Presupuestaria de la Administraci\u00f3n P\u00fablica Nacional<\/strong>\u00a0que refleja la\u00a0magnitud del ajuste implementado en 2025. Entre enero y agosto, el gasto total cay\u00f3\u00a0<strong data-start=\"607\" data-end=\"634\">-31% en t\u00e9rminos reales<\/strong>\u00a0respecto al mismo per\u00edodo de 2023, con recortes que impactan en\u00a0<strong data-start=\"699\" data-end=\"796\">salud, educaci\u00f3n, ciencia, seguridad social, desarrollo productivo, transporte y obra p\u00fablica<\/strong>.<\/p>\n<\/article>\n<article class=\"article-body article-body--second-paragraph content-protected-false\">\n<p data-start=\"801\" data-end=\"1008\">El estudio advierte que, en contraste, la\u00a0<strong data-start=\"843\" data-end=\"884\">Secretar\u00eda de Inteligencia del Estado<\/strong>\u00a0aument\u00f3 su ejecuci\u00f3n en un\u00a0<strong data-start=\"912\" data-end=\"919\">23%<\/strong>, mientras que los\u00a0<strong data-start=\"938\" data-end=\"968\">Servicios de Deuda P\u00fablica<\/strong>\u00a0concentran un\u00a0<strong data-start=\"983\" data-end=\"1005\">9% del gasto total<\/strong>.<\/p>\n<article class=\"article-body article-body--third-paragraph content-protected-false\">\n<p data-start=\"1060\" data-end=\"1424\">En\u00a0<strong data-start=\"1063\" data-end=\"1072\">salud<\/strong>, la\u00a0<strong data-start=\"1077\" data-end=\"1119\">Superintendencia de Servicios de Salud<\/strong>\u00a0recort\u00f3 un\u00a0<strong data-start=\"1131\" data-end=\"1139\">-56%<\/strong>, los hospitales nacionales entre\u00a0<strong data-start=\"1173\" data-end=\"1188\">-30% y -38%<\/strong>, el\u00a0<strong data-start=\"1193\" data-end=\"1219\">Instituto Malbr\u00e1n -26%<\/strong>\u00a0y la\u00a0<strong data-start=\"1225\" data-end=\"1239\">ANMAT -27%<\/strong>. Programas cr\u00edticos de atenci\u00f3n y prevenci\u00f3n presentan ca\u00eddas de hasta\u00a0<strong data-start=\"1311\" data-end=\"1320\">-100%<\/strong>, con la excepci\u00f3n del programa de\u00a0<strong data-start=\"1355\" data-end=\"1400\">Acceso a Medicamentos y Tecnolog\u00eda M\u00e9dica<\/strong>, que creci\u00f3\u00a0<strong data-start=\"1413\" data-end=\"1421\">+41%<\/strong>.<\/p>\n<\/article>\n<article class=\"article-body article-body--fourth-paragraph content-protected-false\">\n<p data-start=\"1426\" data-end=\"1797\">En el \u00e1rea de\u00a0<strong data-start=\"1440\" data-end=\"1481\">seguridad social y programas sociales<\/strong>, la\u00a0<strong data-start=\"1486\" data-end=\"1495\">ANSES<\/strong>\u00a0ejecut\u00f3 un\u00a0<strong data-start=\"1507\" data-end=\"1514\">-7%<\/strong>, la Secretar\u00eda de Ni\u00f1ez, Adolescencia y Familia un\u00a0<strong data-start=\"1566\" data-end=\"1574\">-72%<\/strong>, el\u00a0<strong data-start=\"1579\" data-end=\"1593\">INAES -75%<\/strong>, y partidas como\u00a0<strong data-start=\"1611\" data-end=\"1657\">Comedores Comunitarios y Merenderos (-74%)<\/strong>,\u00a0<strong data-start=\"1659\" data-end=\"1686\">Primera Infancia (-89%)<\/strong>\u00a0y el\u00a0<strong data-start=\"1692\" data-end=\"1756\">Plan Nacional de Protecci\u00f3n Social y Econom\u00eda Social (-100%)<\/strong>\u00a0quedaron pr\u00e1cticamente desfinanciados.<\/p>\n<\/article>\n<article class=\"article-body article-body--fifth-paragraph content-protected-false\">\n<p data-start=\"1799\" data-end=\"2256\">En\u00a0<strong data-start=\"1802\" data-end=\"1815\">educaci\u00f3n<\/strong>, programas como\u00a0<strong data-start=\"1832\" data-end=\"1853\">Conectar Igualdad<\/strong>\u00a0y el\u00a0<strong data-start=\"1859\" data-end=\"1898\">Fondo Nacional de Incentivo Docente<\/strong>\u00a0tuvieron ejecuci\u00f3n\u00a0<strong data-start=\"1918\" data-end=\"1934\">nula (-100%)<\/strong>, mientras que el\u00a0<strong data-start=\"1952\" data-end=\"2003\">Fortalecimiento Edilicio de Jardines Infantiles<\/strong>\u00a0cay\u00f3\u00a0<strong data-start=\"2009\" data-end=\"2017\">-88%<\/strong>\u00a0y las\u00a0<strong data-start=\"2024\" data-end=\"2053\">becas y formaci\u00f3n docente<\/strong>\u00a0entre\u00a0<strong data-start=\"2060\" data-end=\"2075\">-77% y -79%<\/strong>. En ciencia y tecnolog\u00eda, el\u00a0<strong data-start=\"2105\" data-end=\"2129\">CONICET recort\u00f3 -29%<\/strong>, la\u00a0<strong data-start=\"2134\" data-end=\"2148\">CONAE -40%<\/strong>, el\u00a0<strong data-start=\"2153\" data-end=\"2166\">INTA -37%<\/strong>, el\u00a0<strong data-start=\"2171\" data-end=\"2184\">INTI -44%<\/strong>\u00a0y el programa de\u00a0<strong data-start=\"2202\" data-end=\"2253\">Promoci\u00f3n de la Investigaci\u00f3n e Innovaci\u00f3n -83%<\/strong>.<\/p>\n<\/article>\n<article class=\"article-body article-body--remaining-paragraph content-protected-false\">\n<p data-start=\"2258\" data-end=\"2780\">La\u00a0<strong data-start=\"2261\" data-end=\"2275\">producci\u00f3n<\/strong>\u00a0y la\u00a0<strong data-start=\"2281\" data-end=\"2297\">obra p\u00fablica<\/strong>\u00a0tambi\u00e9n muestran fuertes bajas: la\u00a0<strong data-start=\"2333\" data-end=\"2389\">Secretar\u00eda de Industria y Desarrollo Productivo -76%<\/strong>, la\u00a0<strong data-start=\"2394\" data-end=\"2407\">CNEA -39%<\/strong>, el\u00a0<strong data-start=\"2412\" data-end=\"2425\">ENRE -24%<\/strong>\u00a0y el\u00a0<strong data-start=\"2431\" data-end=\"2447\">ENARGAS -26%<\/strong>. En\u00a0<strong data-start=\"2452\" data-end=\"2484\">transporte e infraestructura<\/strong>, la ejecuci\u00f3n fue pr\u00e1cticamente nula, con ca\u00eddas de entre\u00a0<strong data-start=\"2543\" data-end=\"2559\">-89% y -100%<\/strong>\u00a0en pavimentaci\u00f3n, cuencas, t\u00faneles y puentes. Adem\u00e1s, las\u00a0<strong data-start=\"2618\" data-end=\"2649\">transferencias a provincias<\/strong>\u00a0se redujeron entre\u00a0<strong data-start=\"2669\" data-end=\"2685\">-98% y -100%<\/strong>, con la eliminaci\u00f3n del\u00a0<strong data-start=\"2710\" data-end=\"2777\">Fondo de Fortalecimiento Fiscal de la Provincia de Buenos Aires<\/strong>.<\/p>\n<p data-start=\"2782\" data-end=\"2968\">Finalmente, las\u00a0<strong data-start=\"2798\" data-end=\"2822\">fuerzas de seguridad<\/strong>\u00a0sufrieron recortes de entre\u00a0<strong data-start=\"2851\" data-end=\"2866\">-29% y -32%<\/strong>, mientras que el\u00a0<strong data-start=\"2884\" data-end=\"2925\">Ej\u00e9rcito, la Armada y la Fuerza A\u00e9rea<\/strong>\u00a0tuvieron bajas de entre\u00a0<strong data-start=\"2950\" data-end=\"2965\">-17% y -21%<\/strong>.<\/p>\n<p data-start=\"2970\" data-end=\"3296\">En s\u00edntesis, el CEPA concluye que la administraci\u00f3n nacional atraviesa un\u00a0<strong data-start=\"3044\" data-end=\"3097\">escenario de reducci\u00f3n dr\u00e1stica del gasto p\u00fablico<\/strong>, que compromete la continuidad de programas esenciales en un contexto de crisis econ\u00f3mica y social, mientras se incrementa el presupuesto en inteligencia y se sostiene el peso de la deuda p\u00fablica.<\/p>\n<p data-start=\"2970\" data-end=\"3296\">ambito.com<\/p>\n<\/article>\n<\/article>\n","protected":false},"excerpt":{"rendered":"<p>El\u00a0Centro de Econom\u00eda Pol\u00edtica Argentina (CEPA)\u00a0difundi\u00f3 un informe sobre la\u00a0Ejecuci\u00f3n Presupuestaria de la Administraci\u00f3n P\u00fablica Nacional\u00a0que refleja la\u00a0magnitud del ajuste<\/p>\n","protected":false},"author":1,"featured_media":26419,"comment_status":"closed","ping_status":"closed","sticky":false,"template":"","format":"standard","meta":{"footnotes":"","jetpack_publicize_message":"","jetpack_publicize_feature_enabled":true,"jetpack_social_post_already_shared":true,"jetpack_social_options":{"image_generator_settings":{"template":"highway","enabled":false},"version":2}},"categories":[5],"tags":[],"class_list":["post-26418","post","type-post","status-publish","format-standard","has-post-thumbnail","hentry","category-economia"],"jetpack_publicize_connections":[],"_links":{"self":[{"href":"https:\/\/diariorepublica.com.ar\/web\/index.php\/wp-json\/wp\/v2\/posts\/26418"}],"collection":[{"href":"https:\/\/diariorepublica.com.ar\/web\/index.php\/wp-json\/wp\/v2\/posts"}],"about":[{"href":"https:\/\/diariorepublica.com.ar\/web\/index.php\/wp-json\/wp\/v2\/types\/post"}],"author":[{"embeddable":true,"href":"https:\/\/diariorepublica.com.ar\/web\/index.php\/wp-json\/wp\/v2\/users\/1"}],"replies":[{"embeddable":true,"href":"https:\/\/diariorepublica.com.ar\/web\/index.php\/wp-json\/wp\/v2\/comments?post=26418"}],"version-history":[{"count":1,"href":"https:\/\/diariorepublica.com.ar\/web\/index.php\/wp-json\/wp\/v2\/posts\/26418\/revisions"}],"predecessor-version":[{"id":26420,"href":"https:\/\/diariorepublica.com.ar\/web\/index.php\/wp-json\/wp\/v2\/posts\/26418\/revisions\/26420"}],"wp:featuredmedia":[{"embeddable":true,"href":"https:\/\/diariorepublica.com.ar\/web\/index.php\/wp-json\/wp\/v2\/media\/26419"}],"wp:attachment":[{"href":"https:\/\/diariorepublica.com.ar\/web\/index.php\/wp-json\/wp\/v2\/media?parent=26418"}],"wp:term":[{"taxonomy":"category","embeddable":true,"href":"https:\/\/diariorepublica.com.ar\/web\/index.php\/wp-json\/wp\/v2\/categories?post=26418"},{"taxonomy":"post_tag","embeddable":true,"href":"https:\/\/diariorepublica.com.ar\/web\/index.php\/wp-json\/wp\/v2\/tags?post=26418"}],"curies":[{"name":"wp","href":"https:\/\/api.w.org\/{rel}","templated":true}]}}