{"id":26421,"date":"2025-09-15T08:35:00","date_gmt":"2025-09-15T11:35:00","guid":{"rendered":"https:\/\/diariorepublica.com.ar\/web\/?p=26421"},"modified":"2025-09-15T07:38:21","modified_gmt":"2025-09-15T10:38:21","slug":"milei-ante-otra-semana-intensa-presupuesto-interna-de-gabinete-y-rechazo-a-vetos-en-el-congreso","status":"publish","type":"post","link":"https:\/\/diariorepublica.com.ar\/web\/index.php\/politica\/2025\/09\/15\/milei-ante-otra-semana-intensa-presupuesto-interna-de-gabinete-y-rechazo-a-vetos-en-el-congreso\/","title":{"rendered":"Milei ante otra semana intensa: Presupuesto, interna de Gabinete y rechazo a vetos en el Congreso"},"content":{"rendered":"<article class=\"article-body article-body--first-paragraph content-protected-false\" data-td-script-src=\"https:\/\/www.ambito.com\/td\/modulos\/encuestas\/js\/function-embeds-min-version-1757822913.js\"><strong>El presidente Javier Milei<\/strong>\u00a0inicia otra semana de extrema tensi\u00f3n pol\u00edtica y econ\u00f3mica\u00a0tras la paliza electoral que sufri\u00f3\u00a0<strong>La Libertad Avanza<\/strong>\u00a0en la provincia de Buenos Aires. Lejos de descomprimir el escenario, el Gobierno redobl\u00f3 la apuesta ante el\u00a0<strong>Congreso<\/strong>\u00a0con una bater\u00eda de vetos a la\u00a0<strong>emergencia pedi\u00e1trica, el financiamiento universitario y el reparto de los Adelantos del Tesoro Nacional ATN),<\/strong>\u00a0esta \u00faltima impulsado por los 24 gobernadores. Pero adem\u00e1s, ratific\u00f3 el programa econ\u00f3mico con el\u00a0<strong>d\u00f3lar<\/strong>\u00a0rozando el techo de la banda y el\u00a0<strong>riesgo pa\u00eds<\/strong>\u00a0por encima de los 1.000 puntos.<\/p>\n<\/article>\n<article class=\"article-body article-body--second-paragraph content-protected-false\">El Presidente grabar\u00e1 el lunes en Casa Rosada un mensaje para ser emitido por cadena nacional con la presentaci\u00f3n del\u00a0<strong>Presupuesto 2026<\/strong>. En ese contexto,\u00a0<strong>ensayar\u00e1 una f\u00e9rrea defensa de la muralla fiscal\u00a0<\/strong>en medio de las derrotas que sufre en gobierno nacional en el Congreso por el manejo del gasto p\u00fablico tras el rechazo al veto a la emergencia en discapacidad y la insistencia, el mi\u00e9rcoles en Diputados, de la emergencia pedi\u00e1trica a nivel nacional y la Ley de Financiamiento Universitario.<\/p>\n<article class=\"article-body article-body--third-paragraph content-protected-false\"><strong>Con un esquema de tomas de decisiones delegado en Karina Milei, este lunes asumir\u00e1 Lisandro Catal\u00e1n como ministro del Interior<\/strong>. Un funcionario sin manejo de recursos, que estaba subordinado a Guillermo Francos y que se volc\u00f3 al karinismo en medio de la furibunda interna que el sector de la hermana presidencial libra con Santiago Caputo.\u00a0<strong>Catal\u00e1n no podr\u00eda haber tenido un peor debut<\/strong>. A horas de su anuncio como nuevo ministro, Milei vet\u00f3 la ley de distribuci\u00f3n de los fondos de los ATN en abierta provocaci\u00f3n a los mandatarios provinciales que el viernes se\u00a0reunieron en C\u00f3rdoba\u00a0para exhibir una demostraci\u00f3n de poder territorial en contraste con la escu\u00e1lida convocatoria de gobernadores que hab\u00eda hecho un d\u00eda antes el flamante ministro del interior en Casa Rosada.<\/p>\n<\/article>\n<article class=\"article-body article-body--fourth-paragraph content-protected-false\">El flamante ministro del Interior buscar\u00e1 esquivar otra paliza para la Casa Rosada en las votaciones de esta semana el Congreso. Apoyado por Francos y el Presidente, Catal\u00e1n tambi\u00e9n deber\u00e1 exponerse a las disputas internas con los Eduardo \u00abLule\u00bb Menem. El riojano, brazo pol\u00edtico de Karina, recibi\u00f3 la semana pasada a solas al gobernador de Chaco, Leandro Zdero, incluso antes de la convocatoria realizada por nuevo ministro. Con promesas de fondos y pr\u00e9stamos a los gobernadores aliados y dialoguistas, el gobierno nacional intentar\u00e1 abrir otra ventana de negociaci\u00f3n antes de las votaci\u00f3n de los vetos en el recinto de Diputados.<\/p>\n<p><strong>En tanto, el programa econ\u00f3mico del Gobierno nunca estuvo tan en riesgo como ahora<\/strong>. Tras la derrota sin atenuantes en la provincia de Buenos Aires, la gesti\u00f3n libertaria qued\u00f3 en shock a menos de 45 d\u00edas de las elecciones legislativas del 26 de octubre. El Presidente no s\u00f3lo enfrenta el desaf\u00edo de mantener la motosierra fiscal sin la sostenibilidad pol\u00edtica de los gobernadores aliados en el Congreso sino que adem\u00e1s padece una interna intestina en el propio seno de su Gabinete.<\/p>\n<p>El viernes pasado en C\u00f3rdoba, el santafesino Maximiliano Pullaro advirti\u00f3 que\u00a0<strong>\u00abel equilibrio fiscal es sagrado pero con los ciudadanos adentro\u00bb<\/strong>. El cordob\u00e9s\u00a0<strong>Mart\u00edn Llaryora<\/strong>,\u00a0anfitri\u00f3n del encuentro de gobernadores de Provincias Unidas, ampli\u00f3 el concepto al advertir que el actual programa econ\u00f3mico\u00a0<strong>\u00abgenera desempleo\u00bb<\/strong>, en el marco de una f\u00e9rrea defensa junto al juje\u00f1o\u00a0<strong>Carlos Sadir<\/strong>\u00a0y el correntino\u00a0<strong>Gustavo Vald\u00e9s<\/strong>, de las leyes vetadas por el Presidente.<\/p>\n<p>Tras lograr la asistencia de apenas tres gobernadores a su convocatoria, los aliados electorales Alfredo Cornejo (Mendoza), Leandro Zdero (Chaco) y Rogelio Frigerio (Entre R\u00edos),\u00a0<strong>Catal\u00e1n se vio obligado a ir a negociar a domicilio con otros mandatarios provinciales destratados por la estrategia pol\u00edtica de Karina Milei y Eduardo \u00abLule\u00bb Menem de armarle listas de La Libertad Avanza a los aliados en sus provincias<\/strong>.<\/p>\n<p>ambito.com<\/p>\n<\/article>\n<\/article>\n","protected":false},"excerpt":{"rendered":"<p>El presidente Javier Milei\u00a0inicia otra semana de extrema tensi\u00f3n pol\u00edtica y econ\u00f3mica\u00a0tras la paliza electoral que sufri\u00f3\u00a0La Libertad Avanza\u00a0en la<\/p>\n","protected":false},"author":1,"featured_media":26422,"comment_status":"closed","ping_status":"closed","sticky":false,"template":"","format":"standard","meta":{"footnotes":"","jetpack_publicize_message":"","jetpack_publicize_feature_enabled":true,"jetpack_social_post_already_shared":true,"jetpack_social_options":{"image_generator_settings":{"template":"highway","enabled":false},"version":2}},"categories":[12],"tags":[],"class_list":["post-26421","post","type-post","status-publish","format-standard","has-post-thumbnail","hentry","category-politica"],"jetpack_publicize_connections":[],"_links":{"self":[{"href":"https:\/\/diariorepublica.com.ar\/web\/index.php\/wp-json\/wp\/v2\/posts\/26421"}],"collection":[{"href":"https:\/\/diariorepublica.com.ar\/web\/index.php\/wp-json\/wp\/v2\/posts"}],"about":[{"href":"https:\/\/diariorepublica.com.ar\/web\/index.php\/wp-json\/wp\/v2\/types\/post"}],"author":[{"embeddable":true,"href":"https:\/\/diariorepublica.com.ar\/web\/index.php\/wp-json\/wp\/v2\/users\/1"}],"replies":[{"embeddable":true,"href":"https:\/\/diariorepublica.com.ar\/web\/index.php\/wp-json\/wp\/v2\/comments?post=26421"}],"version-history":[{"count":1,"href":"https:\/\/diariorepublica.com.ar\/web\/index.php\/wp-json\/wp\/v2\/posts\/26421\/revisions"}],"predecessor-version":[{"id":26423,"href":"https:\/\/diariorepublica.com.ar\/web\/index.php\/wp-json\/wp\/v2\/posts\/26421\/revisions\/26423"}],"wp:featuredmedia":[{"embeddable":true,"href":"https:\/\/diariorepublica.com.ar\/web\/index.php\/wp-json\/wp\/v2\/media\/26422"}],"wp:attachment":[{"href":"https:\/\/diariorepublica.com.ar\/web\/index.php\/wp-json\/wp\/v2\/media?parent=26421"}],"wp:term":[{"taxonomy":"category","embeddable":true,"href":"https:\/\/diariorepublica.com.ar\/web\/index.php\/wp-json\/wp\/v2\/categories?post=26421"},{"taxonomy":"post_tag","embeddable":true,"href":"https:\/\/diariorepublica.com.ar\/web\/index.php\/wp-json\/wp\/v2\/tags?post=26421"}],"curies":[{"name":"wp","href":"https:\/\/api.w.org\/{rel}","templated":true}]}}